{"id":9969,"date":"2024-12-18T10:05:40","date_gmt":"2024-12-18T10:05:40","guid":{"rendered":"https:\/\/coeg-news.eu\/?p=9969"},"modified":"2025-01-14T11:42:26","modified_gmt":"2025-01-14T11:42:26","slug":"actualizacion-formacion-continuada-2025","status":"publish","type":"post","link":"https:\/\/coeg-news.eu\/eu\/boletin-2024-12-18\/actualizacion-formacion-continuada-2025\/","title":{"rendered":"Etengabeko prestakuntza &#8211; Eguneraketa 2025"},"content":{"rendered":"<p><strong>Gogorarazten dizuegu Elkargoko ikastaro guztiak prestakuntza-bonusa dutela. Ezinbesteko baldintza: asistentzia kontrolatzeko orrian sinatzea. Informazio gehiago <a href=\"http:\/\/coeg-news.eu\/eu\/boletin-2020-12-23\/bonus-de-formacion\/\">hemen<\/a><\/strong><\/p>\n<p>&nbsp;<\/p>\n<p>&nbsp;<\/p>\n<p><strong>2025ko urtarrilaren 10ean:<\/strong> <a href=\"https:\/\/www.coeg.eu\/pdf\/10_enero_RCP-final.pdf\">Reanimaci\u00f3n cardio-pulmonar instrumentada y uso del desfibrilador externo semi autom\u00e1tico. <\/a><\/p>\n<p>Ikastaroa beteta dago. Posible da itxaron-zerrendan izena ematea<\/p>\n<p>&nbsp;<\/p>\n<p><strong>2025ko urtarrilaren 17an:<\/strong> KANPOKO IKASTAROA Elkargoan ospatuko dena. <a href=\"https:\/\/marketing.osstem.es\/dr-vicente-ferrer-cirugia-guiada-el-futuro-es-ahora-con-osstem-san-sebastian\/\">Cirug\u00eda Guiada: el futuro es ahora con Osstem<\/a>. Estekan dago programa eta izena emateko irizpideak. Izenak emateko beste aukara <a href=\"mailto:formacion@osstem.es\" target=\"_blank\" rel=\"noopener\">formacion@osstem.es<\/a> korreora idatziz.<\/p>\n<p>&nbsp;<\/p>\n<p><strong>2025ko urtarrilaren 31ean:<\/strong> KAMPOKO IKASTAROA Elkargoan ospatuko dena.\u00a0 <a href=\"https:\/\/landing.inibsa.es\/curso-preservaci%C3%B3n-vs-implante-inmediato\">Preservaci\u00f3n vs implante inmediato. Toma de decisiones para una pr\u00e1ctica segura y predecible<\/a>. Estekan dago programa eta izena emateko irizpideak.<\/p>\n<p>&nbsp;<\/p>\n<p><strong>2025ko otsailaren 21-22an:<\/strong>\u00a0 <a href=\"http:\/\/www.coeg.eu\/pdf\/Febrero_24-25.pdf\">Resoluci\u00f3n de conflictos con pacientes<\/a> V\u00edctor D\u00edaz-Flores Garc\u00eda Doktorearekin.<\/p>\n<p>&nbsp;<\/p>\n<p><strong>2025ko otsailaren 28an<\/strong>. KAMPOKO IKASTAROA Elkargoan ospatuko dena. \u00a0<a href=\"https:\/\/marketing.osstem.es\/dr-berrazueta-elevacion-de-seno-facil-y-segura-con-osstem-san-sebastian\/\">Elevaci\u00f3n de Seno Lateral y Crestal con los Kits CAS y LAS de Osstem Implant<\/a>. Estekan dago programa eta izena emateko irizpideak.<\/p>\n<p>&nbsp;<\/p>\n<p><strong>2025ko martxoaren 14-15ean:\u00a0<\/strong> <a href=\"http:\/\/www.coeg.eu\/pdf\/14-15_marzo_2025.pdf\">Laser en odontolog\u00eda<\/a>,\u00a0 Haitham Elafifi Doktorearekin.<\/p>\n<p>&nbsp;<\/p>\n<p><strong>2025ko martxoaren 28-29an:<\/strong> <a href=\"http:\/\/www.coeg.eu\/pdf\/28-29-marzo-2025.pdf\">Actualizaci\u00f3n en medicina oral para el odont\u00f3logo general y gerontolog\u00eda: la nueva odontolog\u00eda<\/a>. V\u00edctor Gil Manich Doktorearekin.<\/p>\n<p>&nbsp;<\/p>\n<p><strong>2025ko apirilaren 4-5ean<\/strong>:<a href=\"http:\/\/www.coeg.eu\/pdf\/diptico_4-5_abril.pdf\"> Innovaciones en el diagn\u00f3stico y tratamiento de los trastornos temporomandibulares: Enfoques basados en la evidencia<\/a> , Urbano Alejandro Santana Doktorearekin.<\/p>\n<p>&nbsp;<\/p>\n<p><strong>2025ko apirilaren 25-26an:<\/strong> <a href=\"http:\/\/www.coeg.eu\/pdf\/25-26_abril.pdf\">Rehabilitaci\u00f3n est\u00e9tica funcional<\/a> , Ernest Mallat Doktorearekin. AZKEN PLAZAK, Elkargoko praktika-gelan proiekzio bidez jarraitzeko aukera emanez kapazidadea handitu ondoren.<\/p>\n<p>&nbsp;<\/p>\n<p><strong>2025ko maiatzaren 30-31ean:<\/strong> <a href=\"http:\/\/www.coeg.eu\/pdf\/30-31_mayo_2025.pdf\">Retos en odontopediatr\u00eda y pacientes con diversidad funcional: hasta d\u00f3nde podemos llegar<\/a>. Cristina Fuertes Doktorearekin.<\/p>\n<p>&nbsp;<\/p>\n<p><strong>2025eko ekainaren 13an<\/strong>: <a href=\"https:\/\/dental.bti-biotechnologyinstitute.com\/jornadas-bti-fde?utm_source=FolletoJornadasBTI-FDEGuipuzcoa&amp;utm_medium=QR&amp;utm_campaign=JornadasBTI-FDE&amp;utm_content=QR-JornadasBTI-FDEGuipuzcoa\">Jornada de actualizaci\u00f3n de implantes cortos y regeneraci\u00f3n \u00f3sea<\/a>, FDEk (Fundaci\u00f3n Dental Espa\u00f1ola) eta BTIk sinatutako lankidetza-hitzarmenaren ondorioz. Informazioa eta inskripzioak estekan.<\/p>\n<p>&nbsp;<\/p>\n<p><strong>2026ko urtarrilaren 9an:<\/strong> Reanimaci\u00f3n cardio-pulmonar instrumentada y uso del desfibrilador externo semi autom\u00e1tico.<\/p>\n<p>&nbsp;<\/p>\n<p>HURRENGO IKASTAROAK ARABAKO DENTISTEN ELKARGOAN: Ikusi <a href=\"https:\/\/colegiodentistasalava.com\/cursos-en-alava\/proximos-cursos-alava\/\">hemen<\/a>.<\/p>\n<p>HURRENGO IKASTAROAK BIZKAIKO DENTISTEN ELKARGOAN: Ikusi <a href=\"https:\/\/codbi.eus\/cursos-y-formacion\/\">hemen<\/a><\/p>\n<p>DENTISTEN KONTSEILU NAGUSIAREN HURRENGO IKASTAROAK: Ikusi<\/p>\n<p><a href=\"https:\/\/ecolegio.es\/formacion\/\">hemen<\/a><\/p>\n<p>HURRENGO IKASTAROAK ASTURIASKO DENTISTEN ELKARGOAN: Ikusi <a href=\"https:\/\/www.codes.es\/programas\/\">hemen<\/a><\/p>","protected":false},"excerpt":{"rendered":"<p><strong>Gogorarazten dizuegu Elkargoko ikastaro guztiak prestakuntza-bonusa dutela. Ezinbesteko baldintza: asistentzia kontrolatzeko orrian sinatzea. Informazio gehiago <a href=\"http:\/\/coeg-news.eu\/eu\/boletin-2020-12-23\/bonus-de-formacion\/\">hemen<\/a><\/strong><\/p>\n<p>&nbsp;<\/p>\n<p>&nbsp;<\/p>\n<p><strong>2025ko urtarrilaren 10ean:<\/strong> <a href=\"https:\/\/www.coeg.eu\/pdf\/10_enero_RCP-final.pdf\">Reanimaci\u00f3n cardio-pulmonar instrumentada y uso del desfibrilador externo semi autom\u00e1tico. <\/a><\/p>\n<p>Ikastaroa beteta dago. Posible da itxaron-zerrendan [&#8230;]<\/p>\n","protected":false},"author":3,"featured_media":8013,"comment_status":"closed","ping_status":"closed","sticky":false,"template":"","format":"standard","meta":{"_acf_changed":false,"footnotes":""},"categories":[1681],"tags":[60,61],"class_list":["post-9969","post","type-post","status-publish","format-standard","has-post-thumbnail","hentry","category-boletin-2024-12-18","tag-formacion","tag-heziketa"],"acf":[],"_links":{"self":[{"href":"https:\/\/coeg-news.eu\/eu\/wp-json\/wp\/v2\/posts\/9969"}],"collection":[{"href":"https:\/\/coeg-news.eu\/eu\/wp-json\/wp\/v2\/posts"}],"about":[{"href":"https:\/\/coeg-news.eu\/eu\/wp-json\/wp\/v2\/types\/post"}],"author":[{"embeddable":true,"href":"https:\/\/coeg-news.eu\/eu\/wp-json\/wp\/v2\/users\/3"}],"replies":[{"embeddable":true,"href":"https:\/\/coeg-news.eu\/eu\/wp-json\/wp\/v2\/comments?post=9969"}],"version-history":[{"count":5,"href":"https:\/\/coeg-news.eu\/eu\/wp-json\/wp\/v2\/posts\/9969\/revisions"}],"predecessor-version":[{"id":9995,"href":"https:\/\/coeg-news.eu\/eu\/wp-json\/wp\/v2\/posts\/9969\/revisions\/9995"}],"wp:featuredmedia":[{"embeddable":true,"href":"https:\/\/coeg-news.eu\/eu\/wp-json\/wp\/v2\/media\/8013"}],"wp:attachment":[{"href":"https:\/\/coeg-news.eu\/eu\/wp-json\/wp\/v2\/media?parent=9969"}],"wp:term":[{"taxonomy":"category","embeddable":true,"href":"https:\/\/coeg-news.eu\/eu\/wp-json\/wp\/v2\/categories?post=9969"},{"taxonomy":"post_tag","embeddable":true,"href":"https:\/\/coeg-news.eu\/eu\/wp-json\/wp\/v2\/tags?post=9969"}],"curies":[{"name":"wp","href":"https:\/\/api.w.org\/{rel}","templated":true}]}}