{"id":8260,"date":"2022-06-15T10:56:44","date_gmt":"2022-06-15T10:56:44","guid":{"rendered":"http:\/\/coeg-news.eu\/?p=8260"},"modified":"2022-06-16T10:55:26","modified_gmt":"2022-06-16T10:55:26","slug":"0-encuesta-de-salud-bucodental-en-navarra-2022","status":"publish","type":"post","link":"https:\/\/coeg-news.eu\/eu\/boletin-2022-06-16\/0-encuesta-de-salud-bucodental-en-navarra-2022\/","title":{"rendered":"Aho-hortzetako osasunari buruzko inkesta 2022 Nafarroan"},"content":{"rendered":"<p>Nafarroako Osasunbidea Zerbitzutik deitu eta mezu hau bidali digute, interesa duenarentzat:<\/p>\n<p style=\"font-weight: 400;\"><em>Durante 2022 se va a realizar la V Encuesta de Salud Bucodental de los Escolares de Navarra, proyecto de investigaci\u00f3n financiado por el Departamento de Salud del Gobierno de Navarra.<\/em><\/p>\n<p style=\"font-weight: 400;\"><em>El trabajo de campo se har\u00e1 en octubre y noviembre de 2022 y consistir\u00e1 en la exploraci\u00f3n bucal de unos 1.800 escolares de 6, 12 y 15 a\u00f1os de edad, en sus propios centros escolares.<\/em><\/p>\n<p style=\"font-weight: 400;\"><em>Para ello necesitamos contratar 3 equipos de examinadores, cada uno compuesto por un\/a dentista y un\/a auxiliar de enfermer\u00eda.<\/em><\/p>\n<p style=\"font-weight: 400;\"><em>Para quien pudiera tener inter\u00e9s en ser contratado se adjuntan los enlaces de las ofertas publicadas por Navarrabiomed (Centro de Investigaci\u00f3n Biom\u00e9dica de Navarra):<\/em><\/p>\n<p style=\"font-weight: 400;\"><em>Dentista:<\/em><\/p>\n<p style=\"font-weight: 400;\"><em><a href=\"https:\/\/www.navarrabiomed.es\/es\/empleo\/apoyo-investigacion-15\" data-saferedirecturl=\"https:\/\/www.google.com\/url?q=https:\/\/www.navarrabiomed.es\/es\/empleo\/apoyo-investigacion-15&amp;source=gmail&amp;ust=1655449510864000&amp;usg=AOvVaw03OaEzVs_Jf97XuwiqVmT7\">https:\/\/www.navarrabiomed.es\/es\/empleo\/apoyo-investigacion-15<\/a><\/em><\/p>\n<p style=\"font-weight: 400;\"><em>Auxiliar de enfermer\u00eda:<\/em><\/p>\n<p style=\"font-weight: 400;\"><em><a href=\"https:\/\/www.navarrabiomed.es\/es\/empleo\/personal-tecnico\" data-saferedirecturl=\"https:\/\/www.google.com\/url?q=https:\/\/www.navarrabiomed.es\/es\/empleo\/personal-tecnico&amp;source=gmail&amp;ust=1655449510864000&amp;usg=AOvVaw2pSJEUduP2tvkdkPj0DQLD\">https:\/\/www.navarrabiomed.es\/es\/empleo\/personal-tecnico<\/a><\/em><\/p>\n<p><\/p>","protected":false},"excerpt":{"rendered":"<p>Nafarroako Osasunbidea Zerbitzutik deitu eta mezu hau bidali digute, interesa duenarentzat:<\/p>\n<p style=\"font-weight: 400;\">Durante 2022 se va a realizar la V Encuesta de Salud Bucodental de los Escolares de Navarra, proyecto de investigaci\u00f3n financiado por el Departamento de Salud del [&#8230;]<\/p>\n","protected":false},"author":3,"featured_media":8264,"comment_status":"closed","ping_status":"closed","sticky":false,"template":"","format":"standard","meta":{"_acf_changed":false,"footnotes":""},"categories":[1528],"tags":[1527],"class_list":["post-8260","post","type-post","status-publish","format-standard","has-post-thumbnail","hentry","category-boletin-2022-06-16","tag-osasunbidea-encuesta"],"acf":[],"_links":{"self":[{"href":"https:\/\/coeg-news.eu\/eu\/wp-json\/wp\/v2\/posts\/8260"}],"collection":[{"href":"https:\/\/coeg-news.eu\/eu\/wp-json\/wp\/v2\/posts"}],"about":[{"href":"https:\/\/coeg-news.eu\/eu\/wp-json\/wp\/v2\/types\/post"}],"author":[{"embeddable":true,"href":"https:\/\/coeg-news.eu\/eu\/wp-json\/wp\/v2\/users\/3"}],"replies":[{"embeddable":true,"href":"https:\/\/coeg-news.eu\/eu\/wp-json\/wp\/v2\/comments?post=8260"}],"version-history":[{"count":3,"href":"https:\/\/coeg-news.eu\/eu\/wp-json\/wp\/v2\/posts\/8260\/revisions"}],"predecessor-version":[{"id":8266,"href":"https:\/\/coeg-news.eu\/eu\/wp-json\/wp\/v2\/posts\/8260\/revisions\/8266"}],"wp:featuredmedia":[{"embeddable":true,"href":"https:\/\/coeg-news.eu\/eu\/wp-json\/wp\/v2\/media\/8264"}],"wp:attachment":[{"href":"https:\/\/coeg-news.eu\/eu\/wp-json\/wp\/v2\/media?parent=8260"}],"wp:term":[{"taxonomy":"category","embeddable":true,"href":"https:\/\/coeg-news.eu\/eu\/wp-json\/wp\/v2\/categories?post=8260"},{"taxonomy":"post_tag","embeddable":true,"href":"https:\/\/coeg-news.eu\/eu\/wp-json\/wp\/v2\/tags?post=8260"}],"curies":[{"name":"wp","href":"https:\/\/api.w.org\/{rel}","templated":true}]}}