{"id":7087,"date":"2021-02-25T11:10:00","date_gmt":"2021-02-25T11:10:00","guid":{"rendered":"http:\/\/coeg-news.eu\/?p=7087"},"modified":"2021-02-25T16:40:02","modified_gmt":"2021-02-25T16:40:02","slug":"0-vacunacion-covid-2","status":"publish","type":"post","link":"https:\/\/coeg-news.eu\/eu\/boletin-2021-02-25\/0-vacunacion-covid-2\/","title":{"rendered":"COVID txertoa"},"content":{"rendered":"<p>Jarraian, atzo Osasuneko sailburuordeak bidalitako Euskal Kontseiluan jasotako mezua kopiatu eta itsatsi dugu. Mezu hori whatsapp bidez helarazi dizuegu gaur goizean:<\/p>\n<p><em>Le comunico que, una vez recepcionada hoy mismo la informaci\u00f3n de los y las profesionales a vacunar, procederemos a preparar la operativa para empezar el proceso de vacunaci\u00f3n el lunes 8 de marzo.<\/em><\/p>\n<p><em>La vacuna a emplear con su colectivo es la de Pfizer, que como sabe es escasa, y la planificaci\u00f3n de las dosis disponibles para la semana que viene ya est\u00e1 hecha, fundamentalmente para el colectivo de personas de entre 90 y cien a\u00f1os. Este colectivo, en realidad el de m\u00e1s de 80 a\u00f1os, ha sido priorizado en la Estrategia de vacunaci\u00f3n del sistema Nacional de Salud pero, a pesar de ello, no vamos a esperar a que acabe el proceso y lo vamos a compatibilizar con la vacunaci\u00f3n de los profesionales de la odontolog\u00eda y la higiene dental a partir, como digo, del d\u00eda 8 de marzo.<\/em><\/p>\n<p><em>Saludos cordiales<\/em><\/p>\n<p><em>Jos\u00e9 Luis Quintas D\u00edez<\/em><br \/>\n<em>Osasun Sailburuordea<\/em><br \/>\n<em>Viceconsejero de Salud<\/em><\/p>\n<p>Deiak eta mezuak jaso ditugu, honako alderdi hauei buruz galdetuz: zein ordenatan hasiko den, zenbat denbora beharko den, etab. Informazio gehiago ez dugula azpimarratu nahi dugu. Edukiko bagenu, jakinaraziko genizueke.<\/p>\n<p>Jakina, inprimakian eman dituzuen mugikorrari eta posta elektronikoari adi egotea gomendatzen dugu, aurreikustekoa baita Osakidetzak bitarteko horietakoren bat erabiliko duela txertoa jarri behar duten pertsonekin harremanetan jartzeko.<\/p>","protected":false},"excerpt":{"rendered":"<p>Jarraian, atzo Osasuneko sailburuordeak bidalitako Euskal Kontseiluan jasotako mezua kopiatu eta itsatsi dugu. Mezu hori whatsapp bidez helarazi dizuegu gaur goizean:<\/p>\n<p>Le comunico que, una vez recepcionada hoy mismo la informaci\u00f3n de los y las profesionales a vacunar, procederemos a [&#8230;]<\/p>\n","protected":false},"author":3,"featured_media":7033,"comment_status":"open","ping_status":"closed","sticky":false,"template":"","format":"standard","meta":{"_acf_changed":false,"footnotes":""},"categories":[1413],"tags":[1406],"class_list":["post-7087","post","type-post","status-publish","format-standard","has-post-thumbnail","hentry","category-boletin-2021-02-25","tag-vacunacion-covid"],"acf":[],"_links":{"self":[{"href":"https:\/\/coeg-news.eu\/eu\/wp-json\/wp\/v2\/posts\/7087"}],"collection":[{"href":"https:\/\/coeg-news.eu\/eu\/wp-json\/wp\/v2\/posts"}],"about":[{"href":"https:\/\/coeg-news.eu\/eu\/wp-json\/wp\/v2\/types\/post"}],"author":[{"embeddable":true,"href":"https:\/\/coeg-news.eu\/eu\/wp-json\/wp\/v2\/users\/3"}],"replies":[{"embeddable":true,"href":"https:\/\/coeg-news.eu\/eu\/wp-json\/wp\/v2\/comments?post=7087"}],"version-history":[{"count":5,"href":"https:\/\/coeg-news.eu\/eu\/wp-json\/wp\/v2\/posts\/7087\/revisions"}],"predecessor-version":[{"id":7102,"href":"https:\/\/coeg-news.eu\/eu\/wp-json\/wp\/v2\/posts\/7087\/revisions\/7102"}],"wp:featuredmedia":[{"embeddable":true,"href":"https:\/\/coeg-news.eu\/eu\/wp-json\/wp\/v2\/media\/7033"}],"wp:attachment":[{"href":"https:\/\/coeg-news.eu\/eu\/wp-json\/wp\/v2\/media?parent=7087"}],"wp:term":[{"taxonomy":"category","embeddable":true,"href":"https:\/\/coeg-news.eu\/eu\/wp-json\/wp\/v2\/categories?post=7087"},{"taxonomy":"post_tag","embeddable":true,"href":"https:\/\/coeg-news.eu\/eu\/wp-json\/wp\/v2\/tags?post=7087"}],"curies":[{"name":"wp","href":"https:\/\/api.w.org\/{rel}","templated":true}]}}