{"id":6079,"date":"2020-03-16T17:34:35","date_gmt":"2020-03-16T17:34:35","guid":{"rendered":"http:\/\/coeg-news.eu\/?p=6079"},"modified":"2020-03-16T18:25:46","modified_gmt":"2020-03-16T18:25:46","slug":"o-inventario-de-material-peticion-desde-el-consejo-general","status":"publish","type":"post","link":"https:\/\/coeg-news.eu\/eu\/boletin-2020-03-16-bis\/o-inventario-de-material-peticion-desde-el-consejo-general\/","title":{"rendered":"Materialen inbentarioa: laguntza eskaera Kontseilu Orokorratik"},"content":{"rendered":"<p>Hemen duzue Kontseilutuk heldu zaigun mezua. Kolaborazioa eskatzen da. Eskerrik asko behin ere.<\/p>\n<p>&nbsp;<\/p>\n<p style=\"font-weight: 400;\">Estimados\/as amigos\/as y Presidentes,<\/p>\n<p style=\"font-weight: 400;\">\n<p style=\"font-weight: 400;\">El Ministerio de Sanidad se acaba de poner en contacto con el Consejo General de Dentistas para hacernos la siguiente petici\u00f3n:<\/p>\n<p style=\"font-weight: 400;\">\n<p style=\"font-weight: 400;\">Con motivo de la situaci\u00f3n de emergencia de salud p\u00fablica provocada por el coronavirus, y habida cuenta de que\u00a0<strong><u>LOS DENTISTAS NO TIENEN QUE INFORMAR A SANIDAD SOBRE SUS STOCKS DE EPI\u2019S<\/u><\/strong>\u00a0, rogamos nos informen a trav\u00e9s de este Consejo General, a la mayor brevedad posible, de la disponibilidad en stock de los productos establecidos en el anexo de la Orden SND\/233\/2020, de 15 de marzo, abajo relacionados, que podr\u00edan donar, haciendo referencia al n\u00famero de unidades y el plazo en el que podr\u00edan estar disponibles.<\/p>\n<p style=\"font-weight: 400;\">\n<ul style=\"font-weight: 400;\">\n<li>Mascarillas quir\u00fargicas, de tipo II y IIR.<\/li>\n<li>Mascarilla protecci\u00f3n FFP2.<\/li>\n<li>Mascarilla protecci\u00f3n FFP3.<\/li>\n<li>Kits PCR diagn\u00f3stico COVID-19 y sus consumibles.<\/li>\n<li>Kits de diagn\u00f3stico r\u00e1pido (detecci\u00f3n de ant\u00edgeno).<\/li>\n<li>Hisopos.<\/li>\n<li>Gafas de protecci\u00f3n.<\/li>\n<li>Guantes de nitrilo, con y sin polvo.<\/li>\n<li>Batas desechables e impermeables.<\/li>\n<li>Soluci\u00f3n hidroalcoh\u00f3lica (biocida y cosm\u00e9tico) y sus materias primas.<\/li>\n<li>Dispositivos ventilaci\u00f3n mec\u00e1nica invasiva (VMI).<\/li>\n<li>Fungibles o consumibles de equipos de VMI.<\/li>\n<li>Alcoholes sanitarios.<\/li>\n<li>Clorhexidina.<\/li>\n<\/ul>\n<p style=\"font-weight: 400;\">\n<p style=\"font-weight: 400;\">\n<p style=\"font-weight: 400;\">Por este motivo, os rogamos que\u00a0<u>remit\u00e1is esta informaci\u00f3n\u00a0<strong>de forma urgente<\/strong>\u00a0a todos vuestros colegiados<\/u>. Para enviar los datos, solo tienen que pinchar en este enlace\u00a0<a href=\"https:\/\/forms.gle\/7miJmwc9pi4Curgi9\" data-saferedirecturl=\"https:\/\/www.google.com\/url?q=https:\/\/forms.gle\/7miJmwc9pi4Curgi9&amp;source=gmail&amp;ust=1584463293583000&amp;usg=AFQjCNGUwRVjb5W5HB4QIjsTPcQ2OGfWrA\">https:\/\/forms.gle\/7miJmwc9pi4Curgi9<\/a>\u00a0y cumplimentar todas las \u00e1reas. Dichos datos los centralizaremos directamente desde el Consejo de Dentistas.<\/p>\n<p style=\"font-weight: 400;\">\n<p style=\"font-weight: 400;\">Hemos establecido como\u00a0<strong>fecha l\u00edmite el pr\u00f3ximo jueves, 19 de marzo<\/strong>, con el fin de hac\u00e9rselos llegar al Ministerio de Sanidad esta misma semana.<\/p>\n<p style=\"font-weight: 400;\">\n<p style=\"font-weight: 400;\">Muchas gracias a todos por vuestra colaboraci\u00f3n.<\/p>\n<p style=\"font-weight: 400;\">\n<p style=\"font-weight: 400;\">Un cordial saludo.<\/p>\n<p><\/p>","protected":false},"excerpt":{"rendered":"<p>Hemen duzue Kontseilutuk heldu zaigun mezua. Kolaborazioa eskatzen da. Eskerrik asko behin ere.<\/p>\n<p>&nbsp;<\/p>\n<p style=\"font-weight: 400;\">Estimados\/as amigos\/as y Presidentes,<\/p>\n<p style=\"font-weight: 400;\">\n<p style=\"font-weight: 400;\">El Ministerio de Sanidad se acaba de poner en contacto con el Consejo General de [&#8230;]<\/p>\n","protected":false},"author":3,"featured_media":6051,"comment_status":"open","ping_status":"closed","sticky":false,"template":"","format":"standard","meta":{"_acf_changed":false,"footnotes":""},"categories":[1279],"tags":[1272,1277,1281],"class_list":["post-6079","post","type-post","status-publish","format-standard","has-post-thumbnail","hentry","category-boletin-2020-03-16-bis","tag-covid-19","tag-inventario","tag-mayerial"],"acf":[],"_links":{"self":[{"href":"https:\/\/coeg-news.eu\/eu\/wp-json\/wp\/v2\/posts\/6079"}],"collection":[{"href":"https:\/\/coeg-news.eu\/eu\/wp-json\/wp\/v2\/posts"}],"about":[{"href":"https:\/\/coeg-news.eu\/eu\/wp-json\/wp\/v2\/types\/post"}],"author":[{"embeddable":true,"href":"https:\/\/coeg-news.eu\/eu\/wp-json\/wp\/v2\/users\/3"}],"replies":[{"embeddable":true,"href":"https:\/\/coeg-news.eu\/eu\/wp-json\/wp\/v2\/comments?post=6079"}],"version-history":[{"count":3,"href":"https:\/\/coeg-news.eu\/eu\/wp-json\/wp\/v2\/posts\/6079\/revisions"}],"predecessor-version":[{"id":6093,"href":"https:\/\/coeg-news.eu\/eu\/wp-json\/wp\/v2\/posts\/6079\/revisions\/6093"}],"wp:featuredmedia":[{"embeddable":true,"href":"https:\/\/coeg-news.eu\/eu\/wp-json\/wp\/v2\/media\/6051"}],"wp:attachment":[{"href":"https:\/\/coeg-news.eu\/eu\/wp-json\/wp\/v2\/media?parent=6079"}],"wp:term":[{"taxonomy":"category","embeddable":true,"href":"https:\/\/coeg-news.eu\/eu\/wp-json\/wp\/v2\/categories?post=6079"},{"taxonomy":"post_tag","embeddable":true,"href":"https:\/\/coeg-news.eu\/eu\/wp-json\/wp\/v2\/tags?post=6079"}],"curies":[{"name":"wp","href":"https:\/\/api.w.org\/{rel}","templated":true}]}}