{"id":5045,"date":"2012-06-26T07:48:59","date_gmt":"2012-06-26T07:48:59","guid":{"rendered":"http:\/\/coeg-news.eu\/?p=5045"},"modified":"2019-05-21T07:52:20","modified_gmt":"2019-05-21T07:52:20","slug":"3aprobada-la-nueva-version-del-codigo-etico-y-deontologico","status":"publish","type":"post","link":"https:\/\/coeg-news.eu\/eu\/boletin-2012-06-26\/3aprobada-la-nueva-version-del-codigo-etico-y-deontologico\/","title":{"rendered":"Kode Etiko eta Deontologikoko bertsio berria onartu da"},"content":{"rendered":"<p>Ondoren Batzorde Orokorrak argitaratutako berria transkribatzen dizuegu. Oraindik behin betiko testua publikatuta ez dago.\u00a0 Batzorde Orokorratik hura guri transmititu bezain laster komunikatuko dizuegu.<\/p>\n<p>&#8220;La Asamblea General Ordinaria del Consejo General de Colegios de Dentistas de Espa\u00f1a, celebrada los d\u00edas 14 y 15 de junio, aprob\u00f3 la actualizaci\u00f3n del C\u00f3digo \u00c9tico de la Odontolog\u00eda de nuestro pa\u00eds. Entre las principales novedades que incorpora destaca que los ciudadanos podr\u00e1n presentar en cualquier Colegio Oficial sus dudas, reclamaciones o litigios relacionados con el ejercicio profesional odontol\u00f3gico para que los Colegios Profesionales act\u00faen como mediadores. De esta forma el C\u00f3digo Deontol\u00f3gico se adapta al Real Decreto Ley 5\/2012 de 5 de marzo de mediaci\u00f3n en asuntos civiles y mercantiles.<br \/>\nAsimismo, se obliga a los odont\u00f3logos y estomat\u00f3logos a anteponer los criterios cl\u00ednicos frente a los posibles intereses comerciales de los centros, de modo que no deber\u00e1n permitir que sus criterios cl\u00ednicos se vean condicionados por los criterios mercantiles de la cl\u00ednica en la que trabajan y en aquellos casos en los que el gerente sea dentista, independientemente de si ejerce o no la Odontolog\u00eda, \u00e9ste tambi\u00e9n deber\u00e1 someterse obligatoriamente al nuevo C\u00f3digo Deontol\u00f3gico.<br \/>\nEn cuanto a los tratamientos rehabilitadores mediante pr\u00f3tesis, se reconoce el derecho del paciente a proponer que su pr\u00f3tesis sea fabricada por un determinado prot\u00e9sico dental, aunque se\u00f1ala tambi\u00e9n que el facultativo no podr\u00e1 ser obligado, en ning\u00fan caso, a trabajar con un prot\u00e9sico que no sea de su confianza.<br \/>\nAdem\u00e1s, se contempla que la opini\u00f3n de los pacientes menores de edad tambi\u00e9n deber\u00e1 ser tenida en cuenta por los facultativos, el secreto profesional no deber\u00e1 ser respetado \u00fanicamente por los profesionales sanitarios sino tambi\u00e9n por todo el personal que trabaje en la cl\u00ednica dental. Otras de las novedades que se incorporan es que los pacientes deber\u00e1n conocer en todo momento la identidad del dentista que le est\u00e1 tratando, y que el dentista no podr\u00e1 ser responsabilizado de las incidencias, complicaciones o mala evoluci\u00f3n de los tratamientos, cuando el paciente no haya adoptado todas las indicaciones dadas por el facultativo.&#8221;<\/p>","protected":false},"excerpt":{"rendered":"<p>Ondoren Batzorde Orokorrak argitaratutako berria transkribatzen dizuegu. Oraindik behin betiko testua publikatuta ez dago.\u00a0 Batzorde Orokorratik hura guri transmititu bezain laster komunikatuko dizuegu.<\/p>\n<p>&#8220;La Asamblea General Ordinaria del Consejo General de Colegios de Dentistas de Espa\u00f1a, celebrada los d\u00edas 14 [&#8230;]<\/p>\n","protected":false},"author":3,"featured_media":0,"comment_status":"open","ping_status":"closed","sticky":false,"template":"","format":"standard","meta":{"_acf_changed":false,"footnotes":""},"categories":[1146],"tags":[1149],"class_list":["post-5045","post","type-post","status-publish","format-standard","hentry","category-boletin-2012-06-26","tag-codigo-etico-y-deontologico"],"acf":[],"_links":{"self":[{"href":"https:\/\/coeg-news.eu\/eu\/wp-json\/wp\/v2\/posts\/5045"}],"collection":[{"href":"https:\/\/coeg-news.eu\/eu\/wp-json\/wp\/v2\/posts"}],"about":[{"href":"https:\/\/coeg-news.eu\/eu\/wp-json\/wp\/v2\/types\/post"}],"author":[{"embeddable":true,"href":"https:\/\/coeg-news.eu\/eu\/wp-json\/wp\/v2\/users\/3"}],"replies":[{"embeddable":true,"href":"https:\/\/coeg-news.eu\/eu\/wp-json\/wp\/v2\/comments?post=5045"}],"version-history":[{"count":2,"href":"https:\/\/coeg-news.eu\/eu\/wp-json\/wp\/v2\/posts\/5045\/revisions"}],"predecessor-version":[{"id":5048,"href":"https:\/\/coeg-news.eu\/eu\/wp-json\/wp\/v2\/posts\/5045\/revisions\/5048"}],"wp:attachment":[{"href":"https:\/\/coeg-news.eu\/eu\/wp-json\/wp\/v2\/media?parent=5045"}],"wp:term":[{"taxonomy":"category","embeddable":true,"href":"https:\/\/coeg-news.eu\/eu\/wp-json\/wp\/v2\/categories?post=5045"},{"taxonomy":"post_tag","embeddable":true,"href":"https:\/\/coeg-news.eu\/eu\/wp-json\/wp\/v2\/tags?post=5045"}],"curies":[{"name":"wp","href":"https:\/\/api.w.org\/{rel}","templated":true}]}}