{"id":5041,"date":"2012-06-26T07:45:25","date_gmt":"2012-06-26T07:45:25","guid":{"rendered":"http:\/\/coeg-news.eu\/?p=5041"},"modified":"2019-05-21T07:52:49","modified_gmt":"2019-05-21T07:52:49","slug":"3encuesta-sobre-el-tema-de-protesicos-encargada-desde-el-consejo-general","status":"publish","type":"post","link":"https:\/\/coeg-news.eu\/eu\/boletin-2012-06-26\/3encuesta-sobre-el-tema-de-protesicos-encargada-desde-el-consejo-general\/","title":{"rendered":"Batzorde orokorrak protesikoen gaiaz eskatutako inkesta"},"content":{"rendered":"<p>Ondoren zuzenean Batzorde Orokorretik iristen den informazio hau bidaltzen dizuegu, kontsultara deitzen badizuete galdeketa bati erantzutea eskatuz.<\/p>\n<p>&#8220;Queridos amigos y compa\u00f1eros: os informamos, por si recibierais llamada de alguno de vuestros colegiados preguntando, que hemos encargado desde el Consejo la realizaci\u00f3n de una Encuesta sobre el tema de prot\u00e9sicos a dentistas y poblaci\u00f3n general\u00a0 (muestra de 400 dentistas y 500 ciudadanos). El motivo se debe al expediente incoado por la Direcci\u00f3n de Investigaci\u00f3n de la Comisi\u00f3n Nacional de la Competencia contra este Consejo General, en virtud de la denuncia interpuesta por el Consejo de Prot\u00e9sicos dentales. Dicha Direcci\u00f3n, en su propuesta de resoluci\u00f3n, comenta que este tipo de estudio se podr\u00eda admitir como prueba documental si el Consejo lo estimara relevante para la acreditaci\u00f3n de sus alegaciones.&#8221;<\/p>","protected":false},"excerpt":{"rendered":"<p>Ondoren zuzenean Batzorde Orokorretik iristen den informazio hau bidaltzen dizuegu, kontsultara deitzen badizuete galdeketa bati erantzutea eskatuz.<\/p>\n<p>&#8220;Queridos amigos y compa\u00f1eros: os informamos, por si recibierais llamada de alguno de vuestros colegiados preguntando, que hemos encargado desde el Consejo la [&#8230;]<\/p>\n","protected":false},"author":3,"featured_media":0,"comment_status":"open","ping_status":"closed","sticky":false,"template":"","format":"standard","meta":{"_acf_changed":false,"footnotes":""},"categories":[1146],"tags":[66,67,1147],"class_list":["post-5041","post","type-post","status-publish","format-standard","hentry","category-boletin-2012-06-26","tag-encuesta","tag-inkesta","tag-protesicos"],"acf":[],"_links":{"self":[{"href":"https:\/\/coeg-news.eu\/eu\/wp-json\/wp\/v2\/posts\/5041"}],"collection":[{"href":"https:\/\/coeg-news.eu\/eu\/wp-json\/wp\/v2\/posts"}],"about":[{"href":"https:\/\/coeg-news.eu\/eu\/wp-json\/wp\/v2\/types\/post"}],"author":[{"embeddable":true,"href":"https:\/\/coeg-news.eu\/eu\/wp-json\/wp\/v2\/users\/3"}],"replies":[{"embeddable":true,"href":"https:\/\/coeg-news.eu\/eu\/wp-json\/wp\/v2\/comments?post=5041"}],"version-history":[{"count":2,"href":"https:\/\/coeg-news.eu\/eu\/wp-json\/wp\/v2\/posts\/5041\/revisions"}],"predecessor-version":[{"id":5050,"href":"https:\/\/coeg-news.eu\/eu\/wp-json\/wp\/v2\/posts\/5041\/revisions\/5050"}],"wp:attachment":[{"href":"https:\/\/coeg-news.eu\/eu\/wp-json\/wp\/v2\/media?parent=5041"}],"wp:term":[{"taxonomy":"category","embeddable":true,"href":"https:\/\/coeg-news.eu\/eu\/wp-json\/wp\/v2\/categories?post=5041"},{"taxonomy":"post_tag","embeddable":true,"href":"https:\/\/coeg-news.eu\/eu\/wp-json\/wp\/v2\/tags?post=5041"}],"curies":[{"name":"wp","href":"https:\/\/api.w.org\/{rel}","templated":true}]}}