{"id":4719,"date":"2012-10-17T14:01:50","date_gmt":"2012-10-17T14:01:50","guid":{"rendered":"http:\/\/coeg-news.eu\/?p=4719"},"modified":"2019-05-08T14:14:00","modified_gmt":"2019-05-08T14:14:00","slug":"3vi-jornadas-cientificas-donostia-los-dias-9-y-10-de-noviembre-programa-confirmado","status":"publish","type":"post","link":"https:\/\/coeg-news.eu\/eu\/boletin-2012-10-17\/3vi-jornadas-cientificas-donostia-los-dias-9-y-10-de-noviembre-programa-confirmado\/","title":{"rendered":"VI Donostia Zientzi Jardunaldiak, azaroaren 9an eta 10ean: programa."},"content":{"rendered":"<p>Aurten Gipuzkoako Ahoko Osasunaren VI astea ospatuko dugu, eta horren barruan,<b>\u00a0VI Donostia Zientzi Jardunaldiak,<\/b>\u00a0<a title=\"\" href=\"http:\/\/www.coeg.eu\/pdf\/triptico_VI_jornadas.pdf\" target=\"_blank\" rel=\"noopener noreferrer\">hemen<\/a>\u00a0duzuen triptikoarekin.<br \/>\nInteresa gerta dakizuela eta Elkargora hurbiltzera anima zaitzatela desiratzen dugu.<\/p>\n<p><b>Azaroak 9, ostirala:<\/b><br \/>\n16:00:\u00a0 Ainhoa Ruiz Doktorea .\u00a0<i>Est\u00e9tica en el sector anterior<\/i>.<br \/>\n17:00: Javier Sanz Doktorea.\u00a0<i>Tratamiento odontol\u00f3gico en pacientes especiales.\u00a0<\/i><br \/>\n18:00: coffee break<br \/>\n18:30: Maitena Urberuaga Doktorea.\u00a0<i>Lesiones orales en el paciente infantil.\u00a0<\/i><br \/>\n19:30: Rafael Pla Doktorea.\u00a0<i>Crecimiento \u00f3seo vertical de manera sencilla y predecible.\u00a0<\/i><\/p>\n<p><b>Azaroak 10, larunbata:<\/b><br \/>\n9:00: Irene Felipe L\u00f3pez de Calle Doktorea.\u00a0<i>Dolor orofacial y patolog\u00eda de la ATM. Manejo cl\u00ednico multidisciplinar.<\/i><br \/>\n10:00: Victoriano Serrano Doktorea.\u00a0<i>Gingivitis cr\u00f3nica descamativa: actualizaci\u00f3n en el diagn\u00f3stico y tratamiento.<\/i><br \/>\n11:00: coffee break<br \/>\n11:45 Sabin Gabilondo Doktorea.\u00a0<i>Nuestra labor en \u00c1frica.\u00a0<\/i><br \/>\n12:30: I\u00f1igo Artigas Doktorea.\u00a0<i>Elecci\u00f3n del modelo de implante.<\/i><\/p>","protected":false},"excerpt":{"rendered":"<p>Aurten Gipuzkoako Ahoko Osasunaren VI astea ospatuko dugu, eta horren barruan,<b>\u00a0VI Donostia Zientzi Jardunaldiak,<\/b>\u00a0<a title=\"\" href=\"http:\/\/www.coeg.eu\/pdf\/triptico_VI_jornadas.pdf\" target=\"_blank\" rel=\"noopener noreferrer\">hemen<\/a>\u00a0duzuen triptikoarekin.<br \/> Interesa gerta dakizuela eta Elkargora hurbiltzera anima zaitzatela desiratzen dugu.<\/p>\n<p><b>Azaroak 9, ostirala:<\/b><br \/> 16:00:\u00a0 Ainhoa Ruiz Doktorea .\u00a0<i>Est\u00e9tica [&#8230;]<\/p>\n","protected":false},"author":3,"featured_media":0,"comment_status":"open","ping_status":"closed","sticky":false,"template":"","format":"standard","meta":{"_acf_changed":false,"footnotes":""},"categories":[1073],"tags":[470],"class_list":["post-4719","post","type-post","status-publish","format-standard","hentry","category-boletin-2012-10-17","tag-jornadas-cientificas"],"acf":[],"_links":{"self":[{"href":"https:\/\/coeg-news.eu\/eu\/wp-json\/wp\/v2\/posts\/4719"}],"collection":[{"href":"https:\/\/coeg-news.eu\/eu\/wp-json\/wp\/v2\/posts"}],"about":[{"href":"https:\/\/coeg-news.eu\/eu\/wp-json\/wp\/v2\/types\/post"}],"author":[{"embeddable":true,"href":"https:\/\/coeg-news.eu\/eu\/wp-json\/wp\/v2\/users\/3"}],"replies":[{"embeddable":true,"href":"https:\/\/coeg-news.eu\/eu\/wp-json\/wp\/v2\/comments?post=4719"}],"version-history":[{"count":2,"href":"https:\/\/coeg-news.eu\/eu\/wp-json\/wp\/v2\/posts\/4719\/revisions"}],"predecessor-version":[{"id":4728,"href":"https:\/\/coeg-news.eu\/eu\/wp-json\/wp\/v2\/posts\/4719\/revisions\/4728"}],"wp:attachment":[{"href":"https:\/\/coeg-news.eu\/eu\/wp-json\/wp\/v2\/media?parent=4719"}],"wp:term":[{"taxonomy":"category","embeddable":true,"href":"https:\/\/coeg-news.eu\/eu\/wp-json\/wp\/v2\/categories?post=4719"},{"taxonomy":"post_tag","embeddable":true,"href":"https:\/\/coeg-news.eu\/eu\/wp-json\/wp\/v2\/tags?post=4719"}],"curies":[{"name":"wp","href":"https:\/\/api.w.org\/{rel}","templated":true}]}}