{"id":4596,"date":"2011-09-05T13:54:28","date_gmt":"2011-09-05T13:54:28","guid":{"rendered":"http:\/\/coeg-news.eu\/?p=4596"},"modified":"2019-05-06T14:00:07","modified_gmt":"2019-05-06T14:00:07","slug":"1facturacion-de-protesis-lo-que-pide-la-ley","status":"publish","type":"post","link":"https:\/\/coeg-news.eu\/eu\/boletin-2011-09-05\/1facturacion-de-protesis-lo-que-pide-la-ley\/","title":{"rendered":"Protesien fakturazioa: legeak eskatzen duena"},"content":{"rendered":"<p>Elkargotik, fakturen idazteak arretaz egiteko gomendatzen ari gara, dentista protesien saltzaile bat ez dala argi eta garbi gera dadila.<\/p>\n<p>Halere, legeak gehiago eskatzen duela azpimarratu behar da: fabrikazio kostuak fakturetan zehaztu behar direla dio.<\/p>\n<p>Duela gutxi, Kongresuan galdera bat aurkeztu da zentzu horretan, eta\u00a0<a title=\"\" href=\"http:\/\/www.coeg.eu\/pdf\/respuesta_ley_29_2006.pdf\" target=\"_blank\" rel=\"noopener noreferrer\">hemen<\/a>\u00a0irakurriko duzue bai galdera eta bai erantzuna.<br \/>\n<a title=\"\" href=\"http:\/\/www.boe.es\/aeboe\/consultas\/bases_datos\/doc.php?id=BOE-A-2006-13554\" target=\"_blank\" rel=\"noopener noreferrer\">Hemen<\/a>\u00a0legearen textu osoa irakur dezakezue, bainan galdera sortarazten duen atala hemen duzue:<br \/>\nDisposici\u00f3n adicional 13 de la Ley 29\/2006, de 26 de julio, de garant\u00edas y uso racional de los medicamentos y productos sanitarios.<br \/>\nLa colocaci\u00f3n o puesta en servicio de productos sanitarios a medida por un facultativo, en el ejercicio de sus atribuciones profesionales, no tendr\u00e1 la consideraci\u00f3n de dispensaci\u00f3n, comercializaci\u00f3n, venta, distribuci\u00f3n, suministro o puesta en el mercado de los mismos, a los efectos de los art\u00edculos 3.1 y 101.\u00a0En todo caso, el facultativo deber\u00e1 separar sus honorarios de los costes de fabricaci\u00f3n.<\/p>","protected":false},"excerpt":{"rendered":"<p>Elkargotik, fakturen idazteak arretaz egiteko gomendatzen ari gara, dentista protesien saltzaile bat ez dala argi eta garbi gera dadila.<\/p>\n<p>Halere, legeak gehiago eskatzen duela azpimarratu behar da: fabrikazio kostuak fakturetan zehaztu behar direla dio.<\/p>\n<p>Duela gutxi, Kongresuan galdera bat aurkeztu [&#8230;]<\/p>\n","protected":false},"author":5,"featured_media":0,"comment_status":"open","ping_status":"closed","sticky":false,"template":"","format":"standard","meta":{"_acf_changed":false,"footnotes":""},"categories":[1050],"tags":[1025,896],"class_list":["post-4596","post","type-post","status-publish","format-standard","hentry","category-boletin-2011-09-05","tag-facturacion-de-protesis","tag-protesien-fakturazioa"],"acf":[],"_links":{"self":[{"href":"https:\/\/coeg-news.eu\/eu\/wp-json\/wp\/v2\/posts\/4596"}],"collection":[{"href":"https:\/\/coeg-news.eu\/eu\/wp-json\/wp\/v2\/posts"}],"about":[{"href":"https:\/\/coeg-news.eu\/eu\/wp-json\/wp\/v2\/types\/post"}],"author":[{"embeddable":true,"href":"https:\/\/coeg-news.eu\/eu\/wp-json\/wp\/v2\/users\/5"}],"replies":[{"embeddable":true,"href":"https:\/\/coeg-news.eu\/eu\/wp-json\/wp\/v2\/comments?post=4596"}],"version-history":[{"count":2,"href":"https:\/\/coeg-news.eu\/eu\/wp-json\/wp\/v2\/posts\/4596\/revisions"}],"predecessor-version":[{"id":4599,"href":"https:\/\/coeg-news.eu\/eu\/wp-json\/wp\/v2\/posts\/4596\/revisions\/4599"}],"wp:attachment":[{"href":"https:\/\/coeg-news.eu\/eu\/wp-json\/wp\/v2\/media?parent=4596"}],"wp:term":[{"taxonomy":"category","embeddable":true,"href":"https:\/\/coeg-news.eu\/eu\/wp-json\/wp\/v2\/categories?post=4596"},{"taxonomy":"post_tag","embeddable":true,"href":"https:\/\/coeg-news.eu\/eu\/wp-json\/wp\/v2\/tags?post=4596"}],"curies":[{"name":"wp","href":"https:\/\/api.w.org\/{rel}","templated":true}]}}