{"id":3678,"date":"2014-11-28T15:52:11","date_gmt":"2014-11-28T15:52:11","guid":{"rendered":"http:\/\/nuevo.coeg-news.eu\/?p=3678"},"modified":"2019-04-05T15:54:45","modified_gmt":"2019-04-05T15:54:45","slug":"2-formacion-2014-2015-actualizacion-7","status":"publish","type":"post","link":"https:\/\/coeg-news.eu\/eu\/boletin-2014-11-28\/2-formacion-2014-2015-actualizacion-7\/","title":{"rendered":"2014-2015 heziteka: eguneratzea"},"content":{"rendered":"<p>Nahiz eta xehetasun zehatz gutxi batzuen faltan egon, eta zenbait aldaketak edo berritasunak egongo diren arren, gaur egun 2014 eta 2015rako ikastaro eta hitzaldien informazioa bidaltzen dizuegu.<\/p>\n<ul>\n<li><u><b>2015ko urtarrilaren 23-24an:\u00a0<\/b><\/u>\u00a0 Ikastaroa Fernado Autran Doktorearekin.\u00a0<a title=\"\" href=\"http:\/\/www.coeg.eu\/pdf\/diptico_estetica_con_composites.pdf\" target=\"_blank\" rel=\"noopener\">Hemen<\/a>\u00a0duzue editatutako diptikoa.<\/li>\n<\/ul>\n<ul>\n<li><b><u>2015ko urtarrilaren 27-28-29an:<\/u>\u00a0<\/b>X-izpien operadoreentzat ikastaroa, Infocitec-ek emango duena, eta fundazio tripartitaren bitartzez bonifikatu daitekeena. Izenak emateko, eta adierazpen gehiago behar izanez gero, kontaktua hau da: Alberto V\u00e9lez, tel. 608 89 56 87<\/li>\n<\/ul>\n<ul>\n<li><u><b>2015ko otsailaren 20an (ostiral arratsaldean)<\/b><\/u>:\u00a0<i>Resuzitazioko ikastaroa<\/i>. Diktantea: Porres Doktorea.\u00a0\u00a0 Dentista, higienista eta laguntzaileei zuzenduta. Fundazio tripartitaren bitartez bonifikagarria. Prezioa: 150 Eur. Plaza mugatuak.\u00a0<a title=\"\" href=\"http:\/\/www.coeg.eu\/pdf\/triptico_emergencias_clinica_dental2014.pdf\" target=\"_blank\" rel=\"noopener\">Hemen duzue<\/a>triptikoa<\/li>\n<\/ul>\n<ul>\n<li><u><b>2015ko otsailaren 27an (ostirala)<\/b><\/u>,\u00a0 18:00etatik\u00a0 20:30ak arte: Seminarioa Elkargoan, Acribis Group eta Linde Healthcare enpresen eskutik. Gaia: Minaren kontrola iraupen motzeko analgesiaren bitartez .\u00a0<a title=\"\" href=\"http:\/\/www.coeg.eu\/pdf\/seminario_entonox_coeg.pdf\" target=\"_blank\" rel=\"noopener\">Hemen<\/a>\u00a0duzue programa.<\/li>\n<\/ul>\n<ul>\n<li><u><b>2015ko martxoaren 6-7an:<\/b><\/u>\u00a0<i>\u00a0DSD ikastaroa (Digital Smile Design)<\/i>. Diktantea: Alejandro Otero Drea.\u00a0<a title=\"\" href=\"http:\/\/www.coeg.eu\/pdf\/Diptico_curso_marzo_%202015.pdf\" target=\"_blank\" rel=\"noopener\">Hemen duzue<\/a>\u00a0editatutako diptikoa.<\/li>\n<\/ul>\n<ul>\n<li><u><b>2015ko apirilaren 24-25ean:<\/b><\/u>\u00a0<i>Manejo del \u00e1cido hialur\u00f3nico y botox, Gabriel Garc\u00eda doktorearekin.<\/i>\u00a0Laster informazio gehiago emango dugu.<\/li>\n<\/ul>\n<ul>\n<li><u><b>2015ko maiatzaren 8an:\u00a0<\/b><\/u>\u00a0 Ikastaroa Angel Fern\u00e1ndez Bustillo Doktorearekin. Laster informazio gehiago emango dugu.<\/li>\n<\/ul>\n<ul>\n<li><u><b>2015ko maiatzaren 29an &#8211; 30an:<\/b><\/u>\u00a0Prevenci\u00f3n del stress en odontolog\u00eda, Helga Mediavilla Iba\u00f1ez-ekin. Hortz-higienistei eta klinika laguntzaileei zuzendutako ikastaroa Fundazio tripartitaren bidez bonifikatu daitekena. 2014ko otsailean eskeinitako ikastaro berbera da.\u00a0<a title=\"\" href=\"http:\/\/www.coeg.eu\/pdf\/triptico_prevencion_stress_2014.pdf\" target=\"_blank\" rel=\"noopener\">Hemen<\/a>\u00a0duzue editatu zen triptikoa.<\/li>\n<\/ul>\n<ul>\n<li><u><b>2015ko ekainaren 25ean,<\/b><\/u>\u00a0 16:30etatik 20:30ak arte:\u00a0<i>Curso te\u00f3rico-pr\u00e1ctico de endodoncia, Borja Zabalegui doktorearekin<\/i>. Laster informazio gehiago emango dugu.<\/li>\n<\/ul>\n<ul>\n<li><u><b>2015ko urriaren 2-3an:<\/b><\/u>\u00a0<i>Diagn\u00f3stico en ortodoncia, Jes\u00fas Fern\u00e1ndez S\u00e1nchez doktorearekin.<\/i>\u00a0Laster informazio gehiago emango dugu.<\/li>\n<\/ul>\n<ul>\n<li><u><b>2015ko azaroaren 20-21ean:<\/b><\/u>\u00a0<i>Endodoncia avanzada, Luis Costa<\/i>doktorearekin. Laster informazio gehiago emango dugu.<\/li>\n<\/ul>\n<div><\/div>\n<p>Gainera, Elkargoko web orriaren\u00a0<a title=\"\" href=\"http:\/\/www.coeg.eu\/038.asp\" target=\"_blank\" rel=\"noopener\">lotura honetan<\/a>, kanpoko heziketa aukera gehiago aurkituko dituzue, eta\u00a0<a title=\"\" href=\"http:\/\/www.coeg.eu\/039.asp\" target=\"_blank\" rel=\"noopener\">hemen<\/a>\u00a0biltzar eta\u00a0 erakusketei buruzko informazioa ere.<\/p>","protected":false},"excerpt":{"rendered":"<p>Nahiz eta xehetasun zehatz gutxi batzuen faltan egon, eta zenbait aldaketak edo berritasunak egongo diren arren, gaur egun 2014 eta 2015rako ikastaro eta hitzaldien informazioa bidaltzen dizuegu.<\/p>\n<p> <b>2015ko urtarrilaren 23-24an:\u00a0<\/b>\u00a0 Ikastaroa Fernado Autran Doktorearekin.\u00a0<a title=\"\" href=\"http:\/\/www.coeg.eu\/pdf\/diptico_estetica_con_composites.pdf\" target=\"_blank\" rel=\"noopener\">Hemen<\/a>\u00a0duzue editatutako diptikoa. [&#8230;]<\/p>\n","protected":false},"author":6,"featured_media":0,"comment_status":"open","ping_status":"closed","sticky":false,"template":"","format":"standard","meta":{"_acf_changed":false,"footnotes":""},"categories":[849],"tags":[60,61],"class_list":["post-3678","post","type-post","status-publish","format-standard","hentry","category-boletin-2014-11-28","tag-formacion","tag-heziketa"],"acf":[],"_links":{"self":[{"href":"https:\/\/coeg-news.eu\/eu\/wp-json\/wp\/v2\/posts\/3678"}],"collection":[{"href":"https:\/\/coeg-news.eu\/eu\/wp-json\/wp\/v2\/posts"}],"about":[{"href":"https:\/\/coeg-news.eu\/eu\/wp-json\/wp\/v2\/types\/post"}],"author":[{"embeddable":true,"href":"https:\/\/coeg-news.eu\/eu\/wp-json\/wp\/v2\/users\/6"}],"replies":[{"embeddable":true,"href":"https:\/\/coeg-news.eu\/eu\/wp-json\/wp\/v2\/comments?post=3678"}],"version-history":[{"count":2,"href":"https:\/\/coeg-news.eu\/eu\/wp-json\/wp\/v2\/posts\/3678\/revisions"}],"predecessor-version":[{"id":3681,"href":"https:\/\/coeg-news.eu\/eu\/wp-json\/wp\/v2\/posts\/3678\/revisions\/3681"}],"wp:attachment":[{"href":"https:\/\/coeg-news.eu\/eu\/wp-json\/wp\/v2\/media?parent=3678"}],"wp:term":[{"taxonomy":"category","embeddable":true,"href":"https:\/\/coeg-news.eu\/eu\/wp-json\/wp\/v2\/categories?post=3678"},{"taxonomy":"post_tag","embeddable":true,"href":"https:\/\/coeg-news.eu\/eu\/wp-json\/wp\/v2\/tags?post=3678"}],"curies":[{"name":"wp","href":"https:\/\/api.w.org\/{rel}","templated":true}]}}