{"id":2994,"date":"2014-02-13T14:31:31","date_gmt":"2014-02-13T14:31:31","guid":{"rendered":"http:\/\/nuevo.coeg-news.eu\/?p=2994"},"modified":"2019-03-22T14:53:03","modified_gmt":"2019-03-22T14:53:03","slug":"2-elecciones-al-sed-sindicato-espanol-de-dentistas","status":"publish","type":"post","link":"https:\/\/coeg-news.eu\/eu\/boletin-2014-02-13\/2-elecciones-al-sed-sindicato-espanol-de-dentistas\/","title":{"rendered":"Hauteskundeak SED-en (Sindicarto Espa\u00f1ol de Dentistas)"},"content":{"rendered":"<p>Castro Reino Doktoreak, SED-eko batzorde kudeatzailaren presidenteak, hemen duzuen informazioa transmititzeko eskaera luzatu digu:<\/p>\n<p><i>Estimados\/as Compa\u00f1eros\/as:<br \/>\nDado que, pr\u00f3ximamente esperamos convocar elecciones al Sindicato Espa\u00f1ol de Dentistas (SED), desde la Junta gestora te rogamos que, con el fin de ratificar tu pertenencia al mismo, y poder cumplir as\u00ed con el art\u00edculo seis de los estatutos de afiliaci\u00f3n ordinaria, que dice:<br \/>\n\u201cpodr\u00e1n afiliarse al Sindicato Espa\u00f1ol de Dentistas (SED), los dentistas (odont\u00f3logos y estomat\u00f3logos) ejercientes por cuenta ajena o en desempleo en Espa\u00f1a, con la sola condici\u00f3n de acatar los presentes Estatutos\u201d,<br \/>\nnos env\u00edes por e-mail a:\u00a0<a title=\"\" href=\"mailto:\/\/sed@dentistasmurcia.com\" target=\"_blank\" rel=\"noopener\">sed@dentistasmurcia.com\u00a0<\/a>o al fax: 968201669, una copia de la tarjeta del INEM si est\u00e1s en situaci\u00f3n de desempleo, o una copia del contrato si eres trabajador por cuenta ajena, para poder ser as\u00ed de pleno derecho miembro del SED.<br \/>\nDesde aqu\u00ed, queremos agradecer a todos los que han confiado en nosotros y nos han apoyado, lo que nos motiva para continuar trabajando y a no desviarnos ni un \u00e1pice de la l\u00ednea que tenemos marcada.<\/p>\n<p>Recibid un cordial saludo.<\/p>\n<p>Oscar Castro Reino<br \/>\nPresidente comisi\u00f3n gestora del SED<\/i><\/p>","protected":false},"excerpt":{"rendered":"<p>Castro Reino Doktoreak, SED-eko batzorde kudeatzailaren presidenteak, hemen duzuen informazioa transmititzeko eskaera luzatu digu:<\/p>\n<p><i>Estimados\/as Compa\u00f1eros\/as:<br \/> Dado que, pr\u00f3ximamente esperamos convocar elecciones al Sindicato Espa\u00f1ol de Dentistas (SED), desde la Junta gestora te rogamos que, con el fin de [&#8230;]<\/p>\n","protected":false},"author":6,"featured_media":0,"comment_status":"open","ping_status":"closed","sticky":false,"template":"","format":"standard","meta":{"_acf_changed":false,"footnotes":""},"categories":[661],"tags":[664,663,662],"class_list":["post-2994","post","type-post","status-publish","format-standard","hentry","category-boletin-2014-02-13","tag-hauteskundeak","tag-sed","tag-sindicato"],"acf":[],"_links":{"self":[{"href":"https:\/\/coeg-news.eu\/eu\/wp-json\/wp\/v2\/posts\/2994"}],"collection":[{"href":"https:\/\/coeg-news.eu\/eu\/wp-json\/wp\/v2\/posts"}],"about":[{"href":"https:\/\/coeg-news.eu\/eu\/wp-json\/wp\/v2\/types\/post"}],"author":[{"embeddable":true,"href":"https:\/\/coeg-news.eu\/eu\/wp-json\/wp\/v2\/users\/6"}],"replies":[{"embeddable":true,"href":"https:\/\/coeg-news.eu\/eu\/wp-json\/wp\/v2\/comments?post=2994"}],"version-history":[{"count":2,"href":"https:\/\/coeg-news.eu\/eu\/wp-json\/wp\/v2\/posts\/2994\/revisions"}],"predecessor-version":[{"id":3013,"href":"https:\/\/coeg-news.eu\/eu\/wp-json\/wp\/v2\/posts\/2994\/revisions\/3013"}],"wp:attachment":[{"href":"https:\/\/coeg-news.eu\/eu\/wp-json\/wp\/v2\/media?parent=2994"}],"wp:term":[{"taxonomy":"category","embeddable":true,"href":"https:\/\/coeg-news.eu\/eu\/wp-json\/wp\/v2\/categories?post=2994"},{"taxonomy":"post_tag","embeddable":true,"href":"https:\/\/coeg-news.eu\/eu\/wp-json\/wp\/v2\/tags?post=2994"}],"curies":[{"name":"wp","href":"https:\/\/api.w.org\/{rel}","templated":true}]}}