{"id":2571,"date":"2017-01-19T15:19:39","date_gmt":"2017-01-19T15:19:39","guid":{"rendered":"http:\/\/nuevo.coeg-news.eu\/?p=2571"},"modified":"2019-03-13T15:26:27","modified_gmt":"2019-03-13T15:26:27","slug":"3ultimas-noticias-destacadas-desde-el-consejo-general-de-dentistas-4","status":"publish","type":"post","link":"https:\/\/coeg-news.eu\/eu\/boletin-1\/3ultimas-noticias-destacadas-desde-el-consejo-general-de-dentistas-4\/","title":{"rendered":"Dentisten Kontseilu Generalatik heldutako azken berri nabarmenak"},"content":{"rendered":"<p><a title=\"\" href=\"http:\/\/consalud.es\/profesionales\/la-visita-al-dentista-mas-alla-de-la-salud-bucodental-deteccion-de-diabetes-y-patologia-cardiovascular-32865\" target=\"_blank\" rel=\"noopener\">http:\/\/consalud.es\/profesionales\/la-visita-al-dentista-mas-alla-de-la-salud-bucodental-deteccion-de-diabetes-y-patologia-cardiovascular-32865<\/a><\/p>\n<p><a title=\"\" href=\"http:\/\/www.consejodentistas.es\/comunicacion\/dossier-de-prensa\/notas-de-prensa-consejo\/item\/1307-carta-abierta-del-presidente-del-consejo-general-de-colegios-oficiales-de-dentistas-de-espana-a-todos-los-colegiados.html\" target=\"_blank\" rel=\"noopener\">http:\/\/www.consejodentistas.es\/comunicacion\/dossier-de-prensa\/notas-de-prensa-consejo\/item\/1307-carta-abierta-del-presidente-del-consejo-general-de-colegios-oficiales-de-dentistas-de-espana-a-todos-los-colegiados.html<\/a><\/p>\n<p><a title=\"\" href=\"http:\/\/consalud.es\/profesionales\/sanidad-apoya-la-regulacion-de-la-publicidad-sanitaria-que-exigen-los-dentistas-32782\" target=\"_blank\" rel=\"noopener\">http:\/\/consalud.es\/profesionales\/sanidad-apoya-la-regulacion-de-la-publicidad-sanitaria-que-exigen-los-dentistas-32782<\/a><\/p>\n<p><a title=\"\" href=\"http:\/\/www.consejodentistas.es\/comunicacion\/dossier-de-prensa\/notas-de-prensa-consejo\/item\/1306-el-consejo-general-de-dentistas-intensifica-sus-contactos-con-la-administracion-y-partidos-politicos-instandoles-a-la-urgente-regulacion-de-la-publicidad-sanitaria.html\" target=\"_blank\" rel=\"noopener\">El Consejo General de Dentistas intensifica sus contactos con la Administraci\u00f3n y partidos pol\u00edticos inst\u00e1ndoles a la urgente regulaci\u00f3n de la publicidad sanitaria.<\/a><\/p>\n<p><a title=\"\" href=\"https:\/\/www.facua.org\/es\/noticia.php?Id=11023\" target=\"_blank\" rel=\"noopener\">FACUA alerta de irregularidades en las supuestas subvenciones que ofertan las cl\u00ednicas iDental<\/a><\/p>\n","protected":false},"excerpt":{"rendered":"<p><a title=\"\" href=\"http:\/\/consalud.es\/profesionales\/la-visita-al-dentista-mas-alla-de-la-salud-bucodental-deteccion-de-diabetes-y-patologia-cardiovascular-32865\" target=\"_blank\" rel=\"noopener\">http:\/\/consalud.es\/profesionales\/la-visita-al-dentista-mas-alla-de-la-salud-bucodental-deteccion-de-diabetes-y-patologia-cardiovascular-32865<\/a><\/p>\n<p><a title=\"\" href=\"http:\/\/www.consejodentistas.es\/comunicacion\/dossier-de-prensa\/notas-de-prensa-consejo\/item\/1307-carta-abierta-del-presidente-del-consejo-general-de-colegios-oficiales-de-dentistas-de-espana-a-todos-los-colegiados.html\" target=\"_blank\" rel=\"noopener\">http:\/\/www.consejodentistas.es\/comunicacion\/dossier-de-prensa\/notas-de-prensa-consejo\/item\/1307-carta-abierta-del-presidente-del-consejo-general-de-colegios-oficiales-de-dentistas-de-espana-a-todos-los-colegiados.html<\/a><\/p>\n<p><a title=\"\" href=\"http:\/\/consalud.es\/profesionales\/sanidad-apoya-la-regulacion-de-la-publicidad-sanitaria-que-exigen-los-dentistas-32782\" target=\"_blank\" rel=\"noopener\">http:\/\/consalud.es\/profesionales\/sanidad-apoya-la-regulacion-de-la-publicidad-sanitaria-que-exigen-los-dentistas-32782<\/a><\/p>\n<p><a title=\"\" href=\"http:\/\/www.consejodentistas.es\/comunicacion\/dossier-de-prensa\/notas-de-prensa-consejo\/item\/1306-el-consejo-general-de-dentistas-intensifica-sus-contactos-con-la-administracion-y-partidos-politicos-instandoles-a-la-urgente-regulacion-de-la-publicidad-sanitaria.html\" target=\"_blank\" rel=\"noopener\">El Consejo General de Dentistas intensifica sus contactos con la Administraci\u00f3n y partidos pol\u00edticos inst\u00e1ndoles a la urgente regulaci\u00f3n de la [&#8230;]<\/p>\n","protected":false},"author":3,"featured_media":0,"comment_status":"open","ping_status":"closed","sticky":false,"template":"","format":"standard","meta":{"_acf_changed":false,"footnotes":""},"categories":[1,536],"tags":[380],"class_list":["post-2571","post","type-post","status-publish","format-standard","hentry","category-boletin-1","category-boletin-2017-01-19","tag-consejo-general"],"acf":[],"_links":{"self":[{"href":"https:\/\/coeg-news.eu\/eu\/wp-json\/wp\/v2\/posts\/2571"}],"collection":[{"href":"https:\/\/coeg-news.eu\/eu\/wp-json\/wp\/v2\/posts"}],"about":[{"href":"https:\/\/coeg-news.eu\/eu\/wp-json\/wp\/v2\/types\/post"}],"author":[{"embeddable":true,"href":"https:\/\/coeg-news.eu\/eu\/wp-json\/wp\/v2\/users\/3"}],"replies":[{"embeddable":true,"href":"https:\/\/coeg-news.eu\/eu\/wp-json\/wp\/v2\/comments?post=2571"}],"version-history":[{"count":2,"href":"https:\/\/coeg-news.eu\/eu\/wp-json\/wp\/v2\/posts\/2571\/revisions"}],"predecessor-version":[{"id":2577,"href":"https:\/\/coeg-news.eu\/eu\/wp-json\/wp\/v2\/posts\/2571\/revisions\/2577"}],"wp:attachment":[{"href":"https:\/\/coeg-news.eu\/eu\/wp-json\/wp\/v2\/media?parent=2571"}],"wp:term":[{"taxonomy":"category","embeddable":true,"href":"https:\/\/coeg-news.eu\/eu\/wp-json\/wp\/v2\/categories?post=2571"},{"taxonomy":"post_tag","embeddable":true,"href":"https:\/\/coeg-news.eu\/eu\/wp-json\/wp\/v2\/tags?post=2571"}],"curies":[{"name":"wp","href":"https:\/\/api.w.org\/{rel}","templated":true}]}}