{"id":2517,"date":"2017-02-15T12:13:43","date_gmt":"2017-02-15T12:13:43","guid":{"rendered":"http:\/\/nuevo.coeg-news.eu\/?p=2517"},"modified":"2019-03-12T12:17:16","modified_gmt":"2019-03-12T12:17:16","slug":"3formacion-continua-2017-actualizacion","status":"publish","type":"post","link":"https:\/\/coeg-news.eu\/eu\/boletin-2017-02-15\/3formacion-continua-2017-actualizacion\/","title":{"rendered":"Heziketa 2017: eguneraketa"},"content":{"rendered":"<p><\/p>\n<p style=\"font-weight: 400;\">2017 URTEKO IKASTAROEN AURRERAPENA:<\/p>\n<p style=\"font-weight: 400;\"><b><strong>2017ko Martxoak 10ean:<\/strong><\/b>\u00a0<em><a href=\"https:\/\/drive.google.com\/file\/d\/0Bz9PGvLLzVUOSVR2aHRtRlJoeDg\/view?usp=sharing\">&#8221; Aplicaciones cl\u00ednicas de mis trabajos de investigaci\u00f3n&#8221;.<\/a>\u00a0<\/em>\u00a0Diktantea: Claudio Albisu Doktorea.Doako ikastaroa.<\/p>\n<p style=\"font-weight: 400;\"><b><strong>2017ko Martxoak 17an:<\/strong><\/b>\u00a0<a href=\"https:\/\/drive.google.com\/file\/d\/0Bz9PGvLLzVUOdEZINGFYR2FiV3NuYWFFaG96TUE4VmlYNE84\/view?usp=sharing\">IV Jardunaldi solidarioa.<\/a>\u00a0Jasotako dirua ong desberdinetara bideratuko da.<\/p>\n<p style=\"font-weight: 400;\">Prezioa:50 EU.<\/p>\n<p>donaziorako kontua:( gutxienez 50\u20ac) kontzeptua: 0 lerroa- Jardunaldi solidarioak<\/p>\n<p>ES23 2095 5045 8010 6421 3282<\/p>\n<p><u>Programazioa:<\/u><\/p>\n<p>16:00-17:00 Bel\u00e9n Iceta Doktorea. &#8220;Casos multidisciplinares. La importancia del equipo&#8221;<\/p>\n<p>17:00-18:00 Carlos Lopetegi Doktorea.&#8221; Saharauis, el pueblo olvidado&#8221;<\/p>\n<p>18:00-18:30 Atsedenaldia<\/p>\n<p>18:30-19:30 \u00a0Jes\u00fas Mar\u00eda Mart\u00ednez Gil Doktorea &#8221; ATM\/M. La importancia del concepto&#8221;<\/p>\n<p>19:30-20:30 Meritxell Benages Doktorea. &#8220;Diagn\u00f3stico en endodoncia&#8221;<\/p>\n<p style=\"font-weight: 400;\"><b><strong>2017ko apirilak 7an:<\/strong><\/b><br \/>\nSEPA saio klinikoa. Relaci\u00f3n entre la periodoncia y la ortodoncia. \u00bfC\u00f3mo establecer la simbiosis perfecta?<br \/>\nDiktanteak: Maider Gorostegui eta Hugo Campos doktoreak.<br \/>\nLaister informazio gehiago bidaliko dugu.<\/p>\n<p><b><strong>2017ko apirilak 21ean:<\/strong><\/b><\/p>\n<p><a href=\"https:\/\/drive.google.com\/file\/d\/0Bz9PGvLLzVUOZ3dsMlo2QjJCMGM\/view?usp=sharing\">&#8221; Desaf\u00edos y composites&#8221;.<\/a>\u00a0Kanpoko ikastaroa, Elkargoan izango dena. Diktantea: Silvia del Cid Rodr\u00edguez Drea. Izen emateak: 91 636 43 40 edo formacion@spain.gceurope.com<\/p>\n<p><b><strong>2017ko maiatzak 5-6an:<\/strong><\/b><br \/>\nEnfermedad Degenerativa Articular y Disfuncion Temporomandibular &#8211; Diagnostico y Tratamiento<br \/>\nDiktantea: Domingo Mart\u00edn Doktorea.<br \/>\nLaister informazio gehiago bidaliko dugu.<\/p>\n<p><b><strong>2017ko ekainak 23-24an:<\/strong><\/b><br \/>\nCurso te\u00f3rico pr\u00e1ctico de los materiales biocer\u00e1micos en endodoncia.<br \/>\nDiktantea: Adri\u00e1n Lozano Doktorea.<br \/>\nLaister informazio gehiago bidaliko dugu.<\/p>\n<p><b><strong>2017ko azaroaren 10-10an:<\/strong><\/b><br \/>\nTraumatolog\u00eda y reabsorciones radiculares.<br \/>\nDiktantea: Fernando Dur\u00e1n Doktorea.<br \/>\nLaister informazio gehiago bidaliko dugu.<\/p>\n<p>Honez gain, Elkargoko\u00a0<a href=\"http:\/\/www.coeg.eu\/cursos\/cursos-externos\/\">web orrian<\/a>\u00a0\u00a0, kanpoko heziketa eta \u00a0erakusketei buruzko informazio gehiago aurkituko duzue.<\/p>","protected":false},"excerpt":{"rendered":"<\/p>\n<p style=\"font-weight: 400;\">2017 URTEKO IKASTAROEN AURRERAPENA:<\/p>\n<p style=\"font-weight: 400;\"><b><strong>2017ko Martxoak 10ean:<\/strong><\/b>\u00a0<a href=\"https:\/\/drive.google.com\/file\/d\/0Bz9PGvLLzVUOSVR2aHRtRlJoeDg\/view?usp=sharing\">&#8221; Aplicaciones cl\u00ednicas de mis trabajos de investigaci\u00f3n&#8221;.<\/a>\u00a0\u00a0Diktantea: Claudio Albisu Doktorea.Doako ikastaroa.<\/p>\n<p style=\"font-weight: 400;\"><b><strong>2017ko Martxoak 17an:<\/strong><\/b>\u00a0<a href=\"https:\/\/drive.google.com\/file\/d\/0Bz9PGvLLzVUOdEZINGFYR2FiV3NuYWFFaG96TUE4VmlYNE84\/view?usp=sharing\">IV Jardunaldi solidarioa.<\/a>\u00a0Jasotako dirua ong desberdinetara bideratuko da.<\/p>\n<p style=\"font-weight: 400;\">Prezioa:50 [&#8230;]<\/p>\n","protected":false},"author":3,"featured_media":0,"comment_status":"open","ping_status":"closed","sticky":false,"template":"","format":"standard","meta":{"_acf_changed":false,"footnotes":""},"categories":[525],"tags":[60,61],"class_list":["post-2517","post","type-post","status-publish","format-standard","hentry","category-boletin-2017-02-15","tag-formacion","tag-heziketa"],"acf":[],"_links":{"self":[{"href":"https:\/\/coeg-news.eu\/eu\/wp-json\/wp\/v2\/posts\/2517"}],"collection":[{"href":"https:\/\/coeg-news.eu\/eu\/wp-json\/wp\/v2\/posts"}],"about":[{"href":"https:\/\/coeg-news.eu\/eu\/wp-json\/wp\/v2\/types\/post"}],"author":[{"embeddable":true,"href":"https:\/\/coeg-news.eu\/eu\/wp-json\/wp\/v2\/users\/3"}],"replies":[{"embeddable":true,"href":"https:\/\/coeg-news.eu\/eu\/wp-json\/wp\/v2\/comments?post=2517"}],"version-history":[{"count":2,"href":"https:\/\/coeg-news.eu\/eu\/wp-json\/wp\/v2\/posts\/2517\/revisions"}],"predecessor-version":[{"id":2520,"href":"https:\/\/coeg-news.eu\/eu\/wp-json\/wp\/v2\/posts\/2517\/revisions\/2520"}],"wp:attachment":[{"href":"https:\/\/coeg-news.eu\/eu\/wp-json\/wp\/v2\/media?parent=2517"}],"wp:term":[{"taxonomy":"category","embeddable":true,"href":"https:\/\/coeg-news.eu\/eu\/wp-json\/wp\/v2\/categories?post=2517"},{"taxonomy":"post_tag","embeddable":true,"href":"https:\/\/coeg-news.eu\/eu\/wp-json\/wp\/v2\/tags?post=2517"}],"curies":[{"name":"wp","href":"https:\/\/api.w.org\/{rel}","templated":true}]}}