{"id":2439,"date":"2013-11-28T18:21:06","date_gmt":"2013-11-28T18:21:06","guid":{"rendered":"http:\/\/nuevo.coeg-news.eu\/?p=2439"},"modified":"2019-03-08T18:28:07","modified_gmt":"2019-03-08T18:28:07","slug":"2-solicitud-de-colaboracion-por-parte-de-una-alumna-de-doctorado-de-cirugia-bucal","status":"publish","type":"post","link":"https:\/\/coeg-news.eu\/eu\/boletin-2013-11-28\/2-solicitud-de-colaboracion-por-parte-de-una-alumna-de-doctorado-de-cirugia-bucal\/","title":{"rendered":"Laguntza eskaera aho kirurgiako irakasle baten partez"},"content":{"rendered":"<p>Honekin batera eskutitz hau aurkituko duzue, non Jardunaldi Zientifikoetan hitzaldi bat eskeini zuen Laura Pi\u00f1as odontologoak laguntza eskatzen duen:<\/p>\n<p><i>Estimados Sres.<br \/>\nSoy Laura Pi\u00f1as, Odont\u00f3loga, Colegiada en Madrid.<br \/>\nLe escribo este correo para solicitarle su ayuda en mi proyecto de Tesis Doctoral. Estoy haciendo una encuesta sobre el tratamiento con corticoides en el liquen plano oral para poder llegar a una conclusi\u00f3n a nivel Nacional sobre que concentraciones son las que m\u00e1s se manejan por los profesionales que frecuentemente tratan esta patolog\u00eda (Odont\u00f3logos, Dermat\u00f3logos y Cirujanos Maxilofaciales) ya que no existe un documento de consenso que nos especifique dosis m\u00e1s eficaz y duraci\u00f3n del tratamiento. El objetivo de las encuestas es valorar estos dos puntos y poder establecer un protocolo unificado basado en los datos arrojados por los cl\u00ednicos en cuanto a manejo. Por ello contacto con Ustedes, para ver si pueden ayudarme a difundir la encuesta a cirujanos maxilofaciales y dermat\u00f3logos.<br \/>\nLes pido su colaboraci\u00f3n para difundirla a trav\u00e9s de su COLEGIO si fuese posible. Hasta ahora, hemos conseguido difusi\u00f3n a trav\u00e9s de la SEMO, SECOM Y SEGER, adem\u00e1s de varios colegios de M\u00e9dicos.<br \/>\nLo \u00fanico que tienen que hacer los encuestados es pinchar un enlace y rellenar la encuesta online. Los datos son totalmente confidenciales y el tiempo que se tarda en cubrir la encuesta es r\u00e1pido. Para difundirla basta con enviar el enlace por correo electr\u00f3nico o colgarlo en una p\u00e1gina web a la que tengan acceso los miembros. Por supuesto, si quiere rellenarla, su aportaci\u00f3n es bienvenida.<br \/>\nEl enlace es\u00a0<a title=\"\" href=\"https:\/\/docs.google.com\/spreadsheet\/viewform?formkey=dGFHeEpTa0pnMzhMX2FzMjRsWmlZa2c6MQ#gid=0\" target=\"_blank\" rel=\"noopener\">\u00e9ste.<\/a><br \/>\nEspero pueda ayudarnos en este proyecto del que creo puede salir una gu\u00eda cl\u00ednica interesante para los profesionales de la odontolog\u00eda\u00a0 adem\u00e1s de una Tesis Doctoral.<br \/>\nReciba un cordial saludo.<br \/>\nGracias por su tiempo.<br \/>\nAtentamente: Laura Pi\u00f1as Caballero.<\/i><\/p>","protected":false},"excerpt":{"rendered":"<p>Honekin batera eskutitz hau aurkituko duzue, non Jardunaldi Zientifikoetan hitzaldi bat eskeini zuen Laura Pi\u00f1as odontologoak laguntza eskatzen duen:<\/p>\n<p><i>Estimados Sres.<br \/> Soy Laura Pi\u00f1as, Odont\u00f3loga, Colegiada en Madrid.<br \/> Le escribo este correo para solicitarle su ayuda en mi [&#8230;]<\/p>\n","protected":false},"author":6,"featured_media":0,"comment_status":"open","ping_status":"closed","sticky":false,"template":"","format":"standard","meta":{"_acf_changed":false,"footnotes":""},"categories":[511],"tags":[415,417],"class_list":["post-2439","post","type-post","status-publish","format-standard","hentry","category-boletin-2013-11-28","tag-colaboracion","tag-laguntza"],"acf":[],"_links":{"self":[{"href":"https:\/\/coeg-news.eu\/eu\/wp-json\/wp\/v2\/posts\/2439"}],"collection":[{"href":"https:\/\/coeg-news.eu\/eu\/wp-json\/wp\/v2\/posts"}],"about":[{"href":"https:\/\/coeg-news.eu\/eu\/wp-json\/wp\/v2\/types\/post"}],"author":[{"embeddable":true,"href":"https:\/\/coeg-news.eu\/eu\/wp-json\/wp\/v2\/users\/6"}],"replies":[{"embeddable":true,"href":"https:\/\/coeg-news.eu\/eu\/wp-json\/wp\/v2\/comments?post=2439"}],"version-history":[{"count":2,"href":"https:\/\/coeg-news.eu\/eu\/wp-json\/wp\/v2\/posts\/2439\/revisions"}],"predecessor-version":[{"id":2445,"href":"https:\/\/coeg-news.eu\/eu\/wp-json\/wp\/v2\/posts\/2439\/revisions\/2445"}],"wp:attachment":[{"href":"https:\/\/coeg-news.eu\/eu\/wp-json\/wp\/v2\/media?parent=2439"}],"wp:term":[{"taxonomy":"category","embeddable":true,"href":"https:\/\/coeg-news.eu\/eu\/wp-json\/wp\/v2\/categories?post=2439"},{"taxonomy":"post_tag","embeddable":true,"href":"https:\/\/coeg-news.eu\/eu\/wp-json\/wp\/v2\/tags?post=2439"}],"curies":[{"name":"wp","href":"https:\/\/api.w.org\/{rel}","templated":true}]}}