{"id":2426,"date":"2013-11-14T17:40:09","date_gmt":"2013-11-14T17:40:09","guid":{"rendered":"http:\/\/nuevo.coeg-news.eu\/?p=2426"},"modified":"2019-03-08T17:49:21","modified_gmt":"2019-03-08T17:49:21","slug":"2formacion-2013-2014-actualizacion","status":"publish","type":"post","link":"https:\/\/coeg-news.eu\/eu\/boletin-2013-11-14\/2formacion-2013-2014-actualizacion\/","title":{"rendered":"2013-2014 heziteka: eguneratzea"},"content":{"rendered":"<p>Nahiz eta xehetasun zehatz gutxi batzuen faltan egon, eta zenbait aldaketak edo berritasunak egongo diren arren, gaur egun 2013rako eta 2014rako ikastaro eta hitzaldien informazioa bidaltzen dizuegu.<\/p>\n<div><\/div>\n<div><\/div>\n<ul>\n<li><u><b>2013ko azaroaren 22an, 16:00tan:\u00a0<\/b><\/u><a title=\"\" href=\"http:\/\/http\/\/www.coeg.eu\/pdf\/programa_resumido_cordales_nov2013.pdf\" target=\"_blank\" rel=\"noopener\"><i>Seminario Cordales superiores : Mec\u00e1nica Simple Eruptiva. Etiopatogenia (desde el punto de vista evolutivo). Hueso Palatino. Toma de decisiones. Par\u00e1metro K (versus tensi\u00f3n arterial) y Palpaci\u00f3n. Escala de dificultad quir\u00fargica. T\u00e9cnica quir\u00fargica b\u00e1sica (materiales,incisi\u00f3n, maniobras, etc.)\u00a0<\/i><\/a>Diktantea: Claudio Albisu Drea. Izen emateak Elkargoan, doako asistentzia.<\/li>\n<\/ul>\n<div>\n<ul>\n<li><u><b>2013ko abenduaren 19, 20, 21an, Madrilen:<\/b><\/u>\u00a0<i>XXXIV Congreso Nacional y XIV Congreso Internacional de la Odontolog\u00eda<\/i>, Batzorde Orokorrak antolatuta.\u00a0<a title=\"\" href=\"http:\/\/www.coeg.eu\/pdf\/Programa_Preliminar_%20XXXIV_Congreso.pdf\" target=\"_blank\" rel=\"noopener\">Hemen duzue aurretiazko programa.<br \/>\n<\/a><\/li>\n<\/ul>\n<\/div>\n<ul>\n<li><u><b>2014ko Urtarrilak 24-25an<\/b><\/u>:\u00a0<i>La necesidad\u00a0 de incorporar nuevas tecnolog\u00edas y tratamientos en periodoncia e implantes.<\/i>\u00a0Programa\u00a0<a title=\"\" href=\"http:\/\/www.coeg.eu\/pdf\/periodoncia_e_implantes_Dr_tejerina.pdf\" target=\"_blank\" rel=\"noopener\">hemen duzue<\/a><\/li>\n<\/ul>\n<p>&nbsp;<\/p>\n<ul>\n<li><u><b>2014ko otsailaren 28an &#8211; martxoaren 1ean:\u00a0<\/b><\/u>Marketing en odontolog\u00eda, Mario Utrilla Trinidad doktorearekin.\u00a0<a title=\"\" href=\"http:\/\/www.coeg.eu\/pdf\/programa_resumido_marketing_2014.pdf\" target=\"_blank\" rel=\"noopener\">Hemen<\/a>\u00a0duzue programa laburtuta.<\/li>\n<\/ul>\n<p>&nbsp;<\/p>\n<ul>\n<li><u><b>2014ko otsailaren 28an &#8211; martxoaren 1ean:<\/b><\/u>\u00a0Prevenci\u00f3n del stress en odontolog\u00eda, Helga Mediavilla Iba\u00f1ez-ekin.<br \/>\nHortz-higienistei eta klinika laguntzaileei zuzendutako ikastaroa Fundazio tripartitaren bidez bonifikatu daitekena.\u00a0<a title=\"\" href=\"http:\/\/www.coeg.eu\/pdf\/programa_resumido_prevencion_stress_2014.pdf\" target=\"_blank\" rel=\"noopener\">Hemen<\/a>\u00a0duzue programaren laburpena.<\/li>\n<\/ul>\n<ul>\n<li><u><b>2014ko martxoaren 28-29an:<\/b><\/u>\u00a0Odontologia Solidarioaren aldeko II Jardunaldiak.<\/li>\n<\/ul>\n<ul>\n<li><u><b>2014ko apirilaren 11-12an: Elkargoko ikastaro gailena:<\/b><\/u>\u00a0<i>Est\u00e9tica en cirug\u00eda pl\u00e1stica periimplantaria y pr\u00f3tesis<\/i>, ospetsuak diren\u00a0 Julio C\u00e9sar Joly, Paulo Fernando Mesquita eta V\u00edctor Clavijo Doktore brasildarrekin. Laister informazio zehatzagoa emango dugu.<\/li>\n<\/ul>\n<div>\n<ul>\n<li><u><b>2014ko maiatzaren 9-10an:\u00a0<\/b><\/u><i>Curso avanzado de periodoncia y pr\u00f3tesis<\/i>, Augusto Quinteros Borgarello eta Vicente Berb\u00eds Agut doktoreekin.\u00a0<a title=\"\" href=\"http:\/\/www.coeg.eu\/pdf\/programa_2014_curso_periodoncia_y_protesis.pdf\" target=\"_blank\" rel=\"noopener\">Hemen<\/a>\u00a0duzue programa.<\/li>\n<\/ul>\n<\/div>\n<ul>\n<li><b><u>2014ko maiatzaren 14-17an:<\/u><\/b>KANPOKO KONGRESUA, gure kide bat antolakuntza lanetan ari dela.\u00a0Congreso anual de la Sociedad Argentina de Periodoncia. Kirurgiak zuzenean, nahiz lekuan bertan edo ON-LINE.\u00a0<a title=\"\" href=\"http:\/\/www.saperiodoncia.org.ar\/\" target=\"_blank\" rel=\"noopener\">www.saperiodoncia.org.ar<\/a><\/li>\n<\/ul>\n<ul>\n<li><u><b>2014ko maiatzaren 30-31an<\/b><\/u>:\u00a0<i>Medicina bucal en la pr\u00e1ctica odontoestomatol\u00f3gica<\/i>, Eduardo Chimenos K\u00fcstner eta Jos\u00e9 L\u00f3pez L\u00f3pez doktoreekin.\u00a0<a title=\"\" href=\"http:\/\/www.coeg.eu\/pdf\/medicina_bucal_chimenos_lopez.pdf\" target=\"_blank\" rel=\"noopener\">Hemen duzue<\/a>\u00a0programa.<\/li>\n<\/ul>\n<ul>\n<li><u><b>2014ko irailaren 19-20an:<\/b><\/u>\u00a0\u00a0<i>Cirug\u00eda mucogingival, implante inmediato y regeneraci\u00f3n \u00f3sea guiada<\/i>.\u00a0<i>Principios biol\u00f3gicos y aplicaciones cl\u00ednicas<\/i>. Dino Calzavara Mantovani Drea.\u00a0<a title=\"\" href=\"http:\/\/www.coeg.eu\/pdf\/2014_programa_cirugia_mucogingival_dino_Calzavara.pdf\" target=\"_blank\" rel=\"noopener\">Hemen duzue\u00a0<\/a>programa.<\/li>\n<\/ul>\n<div><\/div>\n<div><\/div>\n<p>Gainera, Elkargoko web orriaren\u00a0<a title=\"\" href=\"http:\/\/www.coeg.eu\/038.asp\" target=\"_blank\" rel=\"noopener\">lotura honetan<\/a>, kanpoko heziketa aukera gehiago aurkituko dituzue, eta\u00a0<a title=\"\" href=\"http:\/\/www.coeg.eu\/039.asp\" target=\"_blank\" rel=\"noopener\">hemen<\/a>\u00a0biltzar eta\u00a0 erakusketei buruzko informazioa ere.<\/p>","protected":false},"excerpt":{"rendered":"<p>Nahiz eta xehetasun zehatz gutxi batzuen faltan egon, eta zenbait aldaketak edo berritasunak egongo diren arren, gaur egun 2013rako eta 2014rako ikastaro eta hitzaldien informazioa bidaltzen dizuegu.<\/p>\n<p> <b>2013ko azaroaren 22an, 16:00tan:\u00a0<\/b><a title=\"\" href=\"http:\/\/http\/\/www.coeg.eu\/pdf\/programa_resumido_cordales_nov2013.pdf\" target=\"_blank\" rel=\"noopener\"><i>Seminario Cordales superiores : Mec\u00e1nica Simple [&#8230;]<\/p>\n","protected":false},"author":6,"featured_media":0,"comment_status":"open","ping_status":"closed","sticky":false,"template":"","format":"standard","meta":{"_acf_changed":false,"footnotes":""},"categories":[508],"tags":[60,61],"class_list":["post-2426","post","type-post","status-publish","format-standard","hentry","category-boletin-2013-11-14","tag-formacion","tag-heziketa"],"acf":[],"_links":{"self":[{"href":"https:\/\/coeg-news.eu\/eu\/wp-json\/wp\/v2\/posts\/2426"}],"collection":[{"href":"https:\/\/coeg-news.eu\/eu\/wp-json\/wp\/v2\/posts"}],"about":[{"href":"https:\/\/coeg-news.eu\/eu\/wp-json\/wp\/v2\/types\/post"}],"author":[{"embeddable":true,"href":"https:\/\/coeg-news.eu\/eu\/wp-json\/wp\/v2\/users\/6"}],"replies":[{"embeddable":true,"href":"https:\/\/coeg-news.eu\/eu\/wp-json\/wp\/v2\/comments?post=2426"}],"version-history":[{"count":2,"href":"https:\/\/coeg-news.eu\/eu\/wp-json\/wp\/v2\/posts\/2426\/revisions"}],"predecessor-version":[{"id":2433,"href":"https:\/\/coeg-news.eu\/eu\/wp-json\/wp\/v2\/posts\/2426\/revisions\/2433"}],"wp:attachment":[{"href":"https:\/\/coeg-news.eu\/eu\/wp-json\/wp\/v2\/media?parent=2426"}],"wp:term":[{"taxonomy":"category","embeddable":true,"href":"https:\/\/coeg-news.eu\/eu\/wp-json\/wp\/v2\/categories?post=2426"},{"taxonomy":"post_tag","embeddable":true,"href":"https:\/\/coeg-news.eu\/eu\/wp-json\/wp\/v2\/tags?post=2426"}],"curies":[{"name":"wp","href":"https:\/\/api.w.org\/{rel}","templated":true}]}}