{"id":2340,"date":"2019-03-05T14:21:10","date_gmt":"2019-03-05T14:21:10","guid":{"rendered":"http:\/\/nuevo.coeg-news.eu\/?p=2340"},"modified":"2019-03-05T14:25:40","modified_gmt":"2019-03-05T14:25:40","slug":"1encuesta-sobre-sedacion-consciente-en-odontologia","status":"publish","type":"post","link":"https:\/\/coeg-news.eu\/eu\/boletin-2019-03-05\/1encuesta-sobre-sedacion-consciente-en-odontologia\/","title":{"rendered":"Sedazio kontzienteari buruzko inkesta odontologian"},"content":{"rendered":"<p><\/p>\n<p style=\"font-weight: 400;\">Jarraian, Kontseilu Nagusitik jasotako mezua transkribatu dugu, zuek parte hartzera animatuz.<\/p>\n<p>&nbsp;<\/p>\n<p style=\"font-weight: 400;\">Estimados\/as amigos\/as y Presidentes:<\/p>\n<p style=\"font-weight: 400;\">Me dirijo a vosotros por el siguiente motivo: la\u00a0<em>Asociaci\u00f3n Espa\u00f1ola de Ansiolisis, Sedaci\u00f3n y Control del Dolor en Odontolog\u00eda<\/em>\u00a0est\u00e1 realizando un\u00a0<b><strong>estudio para conocer el estado actual de la Sedaci\u00f3n consciente<\/strong><\/b>\u00a0<b><strong>en Odontolog\u00eda\u00a0<\/strong><\/b>en todo el pa\u00eds.<\/p>\n<p style=\"font-weight: 400;\">El m\u00e9todo mediante el cual se est\u00e1 llevando a cabo, es la cumplimentaci\u00f3n de un\u00a0<b><strong><u>cuestionario<\/u><\/strong><\/b><u>, completamente an\u00f3nimo<\/u>, desde la plataforma de Google. Las respuestas llegan de manera autom\u00e1tica una vez completado, sin quedar registro alguno de la persona que lo ha realizado.<\/p>\n<p style=\"font-weight: 400;\">En el siguiente enlace podr\u00e9is ver el cuestionario, que os agradecer\u00e9\u00a0<b><strong>lo hag\u00e1is llegar<\/strong><\/b>\u00a0<b><strong>a vuestros respectivos colegiados,<\/strong><\/b>\u00a0solicit\u00e1ndoles su participaci\u00f3n:<\/p>\n<p style=\"font-weight: 400;\"><a href=\"https:\/\/docs.google.com\/forms\/d\/1nWIs9gseM1cablU9rsYKDIKpq6Ncb0Nq3EyZwonzXjU\/edit?usp=sharing\" data-saferedirecturl=\"https:\/\/www.google.com\/url?q=https:\/\/docs.google.com\/forms\/d\/1nWIs9gseM1cablU9rsYKDIKpq6Ncb0Nq3EyZwonzXjU\/edit?usp%3Dsharing&amp;source=gmail&amp;ust=1551793243663000&amp;usg=AFQjCNGPJB5vfDUU9OLIq6NQMhLVeECbAg\">https:\/\/docs.google.com\/forms\/d\/1nWIs9gseM1cablU9rsYKDIKpq6Ncb0Nq3EyZwonzXjU\/edit?usp=sharing<\/a>\u00a0\u00a0(Sedaci\u00f3n Consciente en Odontolog\u00eda. Actualidad Cl\u00ednica).<\/p>\n<p><\/p>","protected":false},"excerpt":{"rendered":"<\/p>\n<p style=\"font-weight: 400;\">Jarraian, Kontseilu Nagusitik jasotako mezua transkribatu dugu, zuek parte hartzera animatuz.<\/p>\n<p>&nbsp;<\/p>\n<p style=\"font-weight: 400;\">Estimados\/as amigos\/as y Presidentes:<\/p>\n<p style=\"font-weight: 400;\">Me dirijo a vosotros por el siguiente motivo: la\u00a0Asociaci\u00f3n Espa\u00f1ola de Ansiolisis, Sedaci\u00f3n y Control del Dolor [&#8230;]<\/p>\n","protected":false},"author":3,"featured_media":0,"comment_status":"open","ping_status":"closed","sticky":false,"template":"","format":"standard","meta":{"_acf_changed":false,"footnotes":""},"categories":[493],"tags":[66,379],"class_list":["post-2340","post","type-post","status-publish","format-standard","hentry","category-boletin-2019-03-05","tag-encuesta","tag-sedacion-consciente"],"acf":[],"_links":{"self":[{"href":"https:\/\/coeg-news.eu\/eu\/wp-json\/wp\/v2\/posts\/2340"}],"collection":[{"href":"https:\/\/coeg-news.eu\/eu\/wp-json\/wp\/v2\/posts"}],"about":[{"href":"https:\/\/coeg-news.eu\/eu\/wp-json\/wp\/v2\/types\/post"}],"author":[{"embeddable":true,"href":"https:\/\/coeg-news.eu\/eu\/wp-json\/wp\/v2\/users\/3"}],"replies":[{"embeddable":true,"href":"https:\/\/coeg-news.eu\/eu\/wp-json\/wp\/v2\/comments?post=2340"}],"version-history":[{"count":2,"href":"https:\/\/coeg-news.eu\/eu\/wp-json\/wp\/v2\/posts\/2340\/revisions"}],"predecessor-version":[{"id":2346,"href":"https:\/\/coeg-news.eu\/eu\/wp-json\/wp\/v2\/posts\/2340\/revisions\/2346"}],"wp:attachment":[{"href":"https:\/\/coeg-news.eu\/eu\/wp-json\/wp\/v2\/media?parent=2340"}],"wp:term":[{"taxonomy":"category","embeddable":true,"href":"https:\/\/coeg-news.eu\/eu\/wp-json\/wp\/v2\/categories?post=2340"},{"taxonomy":"post_tag","embeddable":true,"href":"https:\/\/coeg-news.eu\/eu\/wp-json\/wp\/v2\/tags?post=2340"}],"curies":[{"name":"wp","href":"https:\/\/api.w.org\/{rel}","templated":true}]}}