{"id":2157,"date":"2017-04-05T14:58:20","date_gmt":"2017-04-05T14:58:20","guid":{"rendered":"http:\/\/nuevo.coeg-news.eu\/?p=2157"},"modified":"2019-02-27T15:03:29","modified_gmt":"2019-02-27T15:03:29","slug":"1ultimas-noticias-destacadas-desde-el-consejo-general-de-dentistas-2","status":"publish","type":"post","link":"https:\/\/coeg-news.eu\/eu\/boletin-2017-04-05\/1ultimas-noticias-destacadas-desde-el-consejo-general-de-dentistas-2\/","title":{"rendered":"Dentisten Kontseilu Generalatik heldutako azken berri nabarmenak"},"content":{"rendered":"<p><a title=\"\" href=\"http:\/\/www.consejodentistas.es\/comunicacion\/actualidad-consejo\/notas-de-prensa-consejo\/item\/1345-el-congreso-de-la-fdi-que-se-celebrara-en-madrid-bate-todos-los-records-al-recibir-mas-de-1-000-abstracts-procedentes-de-46-paises.html\" target=\"_blank\" rel=\"noopener\">El Congreso de la FDI que se celebrar\u00e1 en Madrid bate todos los records al recibir m\u00e1s de 1.000 Abstracts procedentes de 46 pa\u00edses<\/a><\/p>\n<p><a title=\"\" href=\"http:\/\/www.actasanitaria.com\/oscar-castro-consejo-de-dentistas-y-la-ministra-se-citan-para-abordar-asuntos-de-la-profesion\/\" target=\"_blank\" rel=\"noopener\">\u00d3scar Castro (Consejo de Dentistas) y la ministra se citan para abordar asuntos de la profesi\u00f3n.<\/a><\/p>\n","protected":false},"excerpt":{"rendered":"<p><a title=\"\" href=\"http:\/\/www.consejodentistas.es\/comunicacion\/actualidad-consejo\/notas-de-prensa-consejo\/item\/1345-el-congreso-de-la-fdi-que-se-celebrara-en-madrid-bate-todos-los-records-al-recibir-mas-de-1-000-abstracts-procedentes-de-46-paises.html\" target=\"_blank\" rel=\"noopener\">El Congreso de la FDI que se celebrar\u00e1 en Madrid bate todos los records al recibir m\u00e1s de 1.000 Abstracts procedentes de 46 pa\u00edses<\/a><\/p>\n<p><a title=\"\" href=\"http:\/\/www.actasanitaria.com\/oscar-castro-consejo-de-dentistas-y-la-ministra-se-citan-para-abordar-asuntos-de-la-profesion\/\" target=\"_blank\" rel=\"noopener\">\u00d3scar Castro (Consejo de Dentistas) y la ministra [&#8230;]<\/p>\n","protected":false},"author":3,"featured_media":0,"comment_status":"open","ping_status":"closed","sticky":false,"template":"","format":"standard","meta":{"_acf_changed":false,"footnotes":""},"categories":[445],"tags":[449],"class_list":["post-2157","post","type-post","status-publish","format-standard","hentry","category-boletin-2017-04-05","tag-noticias-consejo-general"],"acf":[],"_links":{"self":[{"href":"https:\/\/coeg-news.eu\/eu\/wp-json\/wp\/v2\/posts\/2157"}],"collection":[{"href":"https:\/\/coeg-news.eu\/eu\/wp-json\/wp\/v2\/posts"}],"about":[{"href":"https:\/\/coeg-news.eu\/eu\/wp-json\/wp\/v2\/types\/post"}],"author":[{"embeddable":true,"href":"https:\/\/coeg-news.eu\/eu\/wp-json\/wp\/v2\/users\/3"}],"replies":[{"embeddable":true,"href":"https:\/\/coeg-news.eu\/eu\/wp-json\/wp\/v2\/comments?post=2157"}],"version-history":[{"count":2,"href":"https:\/\/coeg-news.eu\/eu\/wp-json\/wp\/v2\/posts\/2157\/revisions"}],"predecessor-version":[{"id":2166,"href":"https:\/\/coeg-news.eu\/eu\/wp-json\/wp\/v2\/posts\/2157\/revisions\/2166"}],"wp:attachment":[{"href":"https:\/\/coeg-news.eu\/eu\/wp-json\/wp\/v2\/media?parent=2157"}],"wp:term":[{"taxonomy":"category","embeddable":true,"href":"https:\/\/coeg-news.eu\/eu\/wp-json\/wp\/v2\/categories?post=2157"},{"taxonomy":"post_tag","embeddable":true,"href":"https:\/\/coeg-news.eu\/eu\/wp-json\/wp\/v2\/tags?post=2157"}],"curies":[{"name":"wp","href":"https:\/\/api.w.org\/{rel}","templated":true}]}}