{"id":2133,"date":"2017-04-25T14:32:47","date_gmt":"2017-04-25T14:32:47","guid":{"rendered":"http:\/\/nuevo.coeg-news.eu\/?p=2133"},"modified":"2019-02-27T14:40:58","modified_gmt":"2019-02-27T14:40:58","slug":"1el-tribunal-supremo-establece-que-las-empresas-no-estan-obligadas-a-llevar-un-registro-de-la-jornada-diaria-de-la-plantilla","status":"publish","type":"post","link":"https:\/\/coeg-news.eu\/eu\/boletin-2017-04-25\/1el-tribunal-supremo-establece-que-las-empresas-no-estan-obligadas-a-llevar-un-registro-de-la-jornada-diaria-de-la-plantilla\/","title":{"rendered":"Auzitegi Gorenak, enpresak eguneko lanaldiaren erregistro bat eramatera behartuta ez daudela ezartzen du"},"content":{"rendered":"<p>Elkargora, Auzitegi Nazionaleko 2 sententziari dagokienez informazioa iritsi da, non enpresek, langileen eguneko erregistro bat eraman behar duten, nahiz eta aparateko orduak ez egin, lanaldiko gehiegikeria dagoen edo ez zehaztu ahal izateko.<\/p>\n<div>Sententzia honen ondorioz, lan-Inspekzioak lan-garai araudiaren eta aparteko orduen kontrola biziagotzea erabaki zuen dirudienez.<\/div>\n<div><\/div>\n<div>Hala ere, geroago, hau argitzen duen Auzitegi Gorenaren sententzia honen ezaguera izan dugu. Botere Judizialaren Komunikaziotik jasotako informazioa hemen jartzen dizuegu.<\/p>\n<p><b>El Tribunal Supremo establece que las empresas no est\u00e1n obligadas a llevar un registro de la jornada diaria de la plantilla<\/b><br \/>\nEl Pleno de la Sala de lo Social se\u00f1ala que s\u00f3lo deben llevar un registro de horas extras realizadas, de acuerdo a la interpretaci\u00f3n que realizan de lo fijado en el art\u00edculo 35.5 del Estatuto de los Trabajadores<\/p>\n<p>El Pleno de la Sala IV del Tribunal Supremo ha establecido en una sentencia que las empresas no est\u00e1n obligadas a llevar un registro de la jornada diaria de toda la plantilla para comprobar el cumplimiento de la jornada laboral y horarios pactados, y\u00a0<b>s\u00f3lo deben llevar un registro de horas extras realizadas<\/b>, de acuerdo a la interpretaci\u00f3n que realizan de lo fijado en el art\u00edculo 35.5 del Estatuto de los Trabajadores.<br \/>\nEl Supremo estima as\u00ed un recurso de Bankia contra la sentencia de la Audiencia Nacional de 4 de noviembre de 2014, que condenaba a dicho banco, atendiendo una demanda de los sindicatos, a establecer un sistema de registro de la jornada diaria efectiva que realiza su plantilla. El alto tribunal s\u00ed mantiene, ya que no fue impugnada por Bankia, la parte del fallo de la Audiencia Nacional que determin\u00f3 que la empresa deb\u00eda proceder a dar traslado a la representaci\u00f3n legal de los trabajadores de la informaci\u00f3n sobre las horas extras realizadas en c\u00f3mputo mensual.<br \/>\nEl Supremo admite que \u201cconvendr\u00eda una reforma legislativa que clarificara la obligaci\u00f3n de llevar un registro horario y facilitara al trabajador la prueba de la realizaci\u00f3n de horas extraordinarias\u201d, pero \u201cesa obligaci\u00f3n no existe por ahora y los Tribunales no pueden suplir al legislador imponiendo a la empresa el establecimiento de un complicado sistema de control horario, mediante una condena gen\u00e9rica, que obligar\u00e1, necesariamente, a negociar con los sindicatos el sistema a implantar, por cuanto, no se trata, simplemente, de registrar la entrada y salida, sino el desarrollo de la jornada efectiva de trabajo con las m\u00faltiples variantes que supone la existencia de distintas jornadas, el trabajo fuera del centro de trabajo y, en su caso, la distribuci\u00f3n irregular de la jornada a lo largo del a\u00f1o, cuando se pacte\u201d.<br \/>\nEl Supremo rechaza \u201cllevar a cabo una interpretaci\u00f3n extensiva del art. 35-5 del ET imponiendo obligaciones que limitan un derecho como el establecido en el art\u00edculo 28-3 del citado texto legal y el principio de libertad de empresa que deriva del art\u00edculo 38 de la Constituci\u00f3n y ha reconocido nuestro Tribunal Constitucional como imprescindible para la buena marcha de la actividad productiva (S. 170\/2013)\u201d.<br \/>\nLa sentencia explica que \u201cla falta de llevanza, o incorrecta llevanza del registro, no se tipifica por la norma como infracci\u00f3n de forma evidente y terminante, lo que obliga a una interpretaci\u00f3n restrictiva y no extensiva de una norma sancionadora como la contenida en el art\u00edculo 7-5 del RDL 5\/2000, de 4 de agosto, sobre Infracciones y Sanciones en el Orden Social, norma cuya naturaleza sancionadora impide una interpretaci\u00f3n extensiva del art. 35-5 del ET, pues es principio de derecho el de la interpretaci\u00f3n restrictiva de las normas limitadoras de derechos y de las sancionadoras. Adem\u00e1s, tampoco se tipifica como falta la no llevanza del registro que nos ocupa y no informar a los trabajadores sobre las horas realizadas en jornadas especiales o incumplir obligaciones meramente formales o documentales constituye, solamente, una falta leve, en los supuestos previstos en el art. 6, n\u00fameros 5 y 6 del Real Decreto Legislativo citado\u201d.<br \/>\nA\u00f1ade que la soluci\u00f3n dada \u201cno deja indefenso al trabajador a la hora de probar la realizaci\u00f3n de horas extraordinarias, pues a final de mes la empresa le notificar\u00e1 el n\u00famero de horas extras realizadas, o su no realizaci\u00f3n, lo que le permitir\u00e1 reclamar frente a esa comunicaci\u00f3n y a la hora de probar las horas extraordinarias realizadas tendr\u00e1 a su favor del art\u00edculo 217-6 de la LEC, norma que no permite presumir la realizaci\u00f3n de horas extras cuando no se lleva su registro, pero que juega en contra de quien no lo lleva cuando el trabajador prueba que si las realiz\u00f3\u201d.<br \/>\nLa sentencia cuenta con tres votos particulares, firmados por 5 de los 13 magistrados que la suscriben, partidarias de desestimar el recurso de Bankia y de confirmar el fallo de la Audiencia Nacional.<\/div>\n<p><\/p>","protected":false},"excerpt":{"rendered":"<p>Elkargora, Auzitegi Nazionaleko 2 sententziari dagokienez informazioa iritsi da, non enpresek, langileen eguneko erregistro bat eraman behar duten, nahiz eta aparateko orduak ez egin, lanaldiko gehiegikeria dagoen edo ez zehaztu ahal izateko.<\/p>\n<p> Sententzia honen ondorioz, lan-Inspekzioak lan-garai araudiaren eta aparteko [&#8230;]<\/p>\n","protected":false},"author":3,"featured_media":0,"comment_status":"open","ping_status":"closed","sticky":false,"template":"","format":"standard","meta":{"_acf_changed":false,"footnotes":""},"categories":[437],"tags":[441,442],"class_list":["post-2133","post","type-post","status-publish","format-standard","hentry","category-boletin-2017-04-25","tag-horas-extras","tag-registro-jornada-diaria"],"acf":[],"_links":{"self":[{"href":"https:\/\/coeg-news.eu\/eu\/wp-json\/wp\/v2\/posts\/2133"}],"collection":[{"href":"https:\/\/coeg-news.eu\/eu\/wp-json\/wp\/v2\/posts"}],"about":[{"href":"https:\/\/coeg-news.eu\/eu\/wp-json\/wp\/v2\/types\/post"}],"author":[{"embeddable":true,"href":"https:\/\/coeg-news.eu\/eu\/wp-json\/wp\/v2\/users\/3"}],"replies":[{"embeddable":true,"href":"https:\/\/coeg-news.eu\/eu\/wp-json\/wp\/v2\/comments?post=2133"}],"version-history":[{"count":2,"href":"https:\/\/coeg-news.eu\/eu\/wp-json\/wp\/v2\/posts\/2133\/revisions"}],"predecessor-version":[{"id":2145,"href":"https:\/\/coeg-news.eu\/eu\/wp-json\/wp\/v2\/posts\/2133\/revisions\/2145"}],"wp:attachment":[{"href":"https:\/\/coeg-news.eu\/eu\/wp-json\/wp\/v2\/media?parent=2133"}],"wp:term":[{"taxonomy":"category","embeddable":true,"href":"https:\/\/coeg-news.eu\/eu\/wp-json\/wp\/v2\/categories?post=2133"},{"taxonomy":"post_tag","embeddable":true,"href":"https:\/\/coeg-news.eu\/eu\/wp-json\/wp\/v2\/tags?post=2133"}],"curies":[{"name":"wp","href":"https:\/\/api.w.org\/{rel}","templated":true}]}}