{"id":2103,"date":"2015-03-26T13:06:19","date_gmt":"2015-03-26T13:06:19","guid":{"rendered":"http:\/\/nuevo.coeg-news.eu\/?p=2103"},"modified":"2019-04-10T14:15:22","modified_gmt":"2019-04-10T14:15:22","slug":"1devolucion-de-cuotas-de-la-seguridad-social-por-doble-cotizacion-regimen-general-y-autonomos","status":"publish","type":"post","link":"https:\/\/coeg-news.eu\/eu\/boletin-2015-03-26\/1devolucion-de-cuotas-de-la-seguridad-social-por-doble-cotizacion-regimen-general-y-autonomos\/","title":{"rendered":"Kotizazio bikoitzagatiko Gizarte-Segurantzaren (Erregimen orokor eta Autonomo) kuota itzultzea"},"content":{"rendered":"<p>Aurreko urteetan bezala, bai Erregimen Orokorragatik bai,\u00a0langile autonomoko Araubide Bereziagatik kotizatzen duten profesionalek\u00a02014an\u00a0bere\u00a0urteroko ekarpenen gehiegikeria Gizarte-Segurantzari \u00a0eskatu ahal izateko, duten posibilitateari buruz\u00a0informatzen zaituztegu.<\/p>\n<div>2014rako Estatuaren Aurrekontu Orokorretako, abenduaren 23ko 22\/2013 Legea bere 128 Artikuluan &#8220;Bases y tipos de cotizaci\u00f3n a la Seguridad Social, Desempleo, Protecci\u00f3n por cese de actividad, Fondo de Garant\u00eda Salarial y Formaci\u00f3n Profesional&#8221; 2014an zehar, Bost Atalean, &#8220;Cotizaci\u00f3n en el R\u00e9gimen Especial de los Trabajadores por Cuenta Propia o Aut\u00f3nomos&#8221;, hauxe dio:<\/div>\n<div>\u201cLos trabajadores aut\u00f3nomos que, en raz\u00f3n de su trabajo por cuenta ajena desarrollado simult\u00e1neamente, coticen, respecto de las contingencias comunes, en r\u00e9gimen de pluriactividad y lo hagan en el a\u00f1o 2014, teniendo en cuenta tanto las aportaciones empresariales como las correspondientes al trabajador en el R\u00e9gimen General, as\u00ed como las efectuadas en el R\u00e9gimen Especial, por una cuant\u00eda igual o superior a 12.215,41 euros, tendr\u00e1n derecho a una devoluci\u00f3n del 50% del exceso en que sus cotizaciones superen la mencionada cuant\u00eda, con el tope del 50% de las cuotas ingresadas en el citado R\u00e9gimen Especial, en raz\u00f3n de su cotizaci\u00f3n por las contingencias comunes de cobertura obligatoria.<br \/>\nLa devoluci\u00f3n se efectuar\u00e1 a instancias del interesado, que habr\u00e1 de formularla en los cuatro primeros meses del ejercicio siguiente\u201d.Aurrekoa betez, itzultzearen eskaera datorren 2015eko apirilaren 30ean bukatuko da<\/div>\n<div>\n<div>Interesatuek, hau egin behar dute:<\/div>\n<div>1- Kotizazio-ziurtagiriak Eskatu: Tl. 901 502 050<\/div>\n<div>2- Gizarte-Segurantzan,TC 13\/1 Inprimakia behar den bezela beteta eraman.<br \/>\nInformazio gehiago:<br \/>\n<a title=\"\" href=\"http:\/\/www.seg-social.es\/Internet_1\/Trabajadores\/CotizacionRecaudaci10777\/Areainformativa\/Recaudaciondecuotas\/DevoluciondeIngreso50953\/index.htm\" target=\"_blank\" rel=\"noopener\">http:\/\/www.seg-social.es\/Internet_1\/Trabajadores\/CotizacionRecaudaci10777\/Areainformativa\/Recaudaciondecuotas\/DevoluciondeIngreso50953\/index.htm<\/a><br \/>\nImprimakia:\u00a0<a title=\"\" href=\"http:\/\/www.seg-social.es\/prdi00\/groups\/public\/documents\/binario\/50954.pdf\" target=\"_blank\" rel=\"noopener\">http:\/\/www.seg-social.es\/prdi00\/groups\/public\/documents\/binario\/50954.pdf<\/a><\/div>\n<\/div>\n<p><\/p>","protected":false},"excerpt":{"rendered":"<p>Aurreko urteetan bezala, bai Erregimen Orokorragatik bai,\u00a0langile autonomoko Araubide Bereziagatik kotizatzen duten profesionalek\u00a02014an\u00a0bere\u00a0urteroko ekarpenen gehiegikeria Gizarte-Segurantzari \u00a0eskatu ahal izateko, duten posibilitateari buruz\u00a0informatzen zaituztegu.<\/p>\n<p> 2014rako Estatuaren Aurrekontu Orokorretako, abenduaren 23ko 22\/2013 Legea bere 128 Artikuluan &#8220;Bases y tipos de cotizaci\u00f3n a [&#8230;]<\/p>\n","protected":false},"author":5,"featured_media":0,"comment_status":"open","ping_status":"closed","sticky":false,"template":"","format":"standard","meta":{"_acf_changed":false,"footnotes":""},"categories":[420],"tags":[780,228],"class_list":["post-2103","post","type-post","status-publish","format-standard","hentry","category-boletin-2015-03-26","tag-gizarte-segurantza","tag-seguridad-social"],"acf":[],"_links":{"self":[{"href":"https:\/\/coeg-news.eu\/eu\/wp-json\/wp\/v2\/posts\/2103"}],"collection":[{"href":"https:\/\/coeg-news.eu\/eu\/wp-json\/wp\/v2\/posts"}],"about":[{"href":"https:\/\/coeg-news.eu\/eu\/wp-json\/wp\/v2\/types\/post"}],"author":[{"embeddable":true,"href":"https:\/\/coeg-news.eu\/eu\/wp-json\/wp\/v2\/users\/5"}],"replies":[{"embeddable":true,"href":"https:\/\/coeg-news.eu\/eu\/wp-json\/wp\/v2\/comments?post=2103"}],"version-history":[{"count":3,"href":"https:\/\/coeg-news.eu\/eu\/wp-json\/wp\/v2\/posts\/2103\/revisions"}],"predecessor-version":[{"id":2128,"href":"https:\/\/coeg-news.eu\/eu\/wp-json\/wp\/v2\/posts\/2103\/revisions\/2128"}],"wp:attachment":[{"href":"https:\/\/coeg-news.eu\/eu\/wp-json\/wp\/v2\/media?parent=2103"}],"wp:term":[{"taxonomy":"category","embeddable":true,"href":"https:\/\/coeg-news.eu\/eu\/wp-json\/wp\/v2\/categories?post=2103"},{"taxonomy":"post_tag","embeddable":true,"href":"https:\/\/coeg-news.eu\/eu\/wp-json\/wp\/v2\/tags?post=2103"}],"curies":[{"name":"wp","href":"https:\/\/api.w.org\/{rel}","templated":true}]}}