{"id":1944,"date":"2017-05-19T13:03:05","date_gmt":"2017-05-19T13:03:05","guid":{"rendered":"http:\/\/nuevo.coeg-news.eu\/?p=1944"},"modified":"2019-02-26T13:11:06","modified_gmt":"2019-02-26T13:11:06","slug":"1sesion-clinica-sepa-actualizacion-en-el-manejo-prevencion-diagnostico-y-tratamiento-de-la-osteonecrosis-maxilar-producida-por-medicacion-que-sabemos-actualmente","status":"publish","type":"post","link":"https:\/\/coeg-news.eu\/eu\/boletin-2017-05-19\/1sesion-clinica-sepa-actualizacion-en-el-manejo-prevencion-diagnostico-y-tratamiento-de-la-osteonecrosis-maxilar-producida-por-medicacion-que-sabemos-actualmente\/","title":{"rendered":"SEPA saio klinikoa: &#8220;Actualizaci\u00f3n en el manejo, prevenci\u00f3n, diagn\u00f3stico y tratamiento de la osteonecrosis maxilar producida por medicaci\u00f3n. \u00bfQu\u00e9 sabemos actualmente?&#8221;"},"content":{"rendered":"<p>Hurrengo ekainak\u00a0<b>2<\/b>an<b>,\u00a0<\/b>Elkargoan arratsaldeko\u00a016:00tan, dohainiko SEPA saio kliniko hau eskeiniko da, \u00a0<i><b><a title=\"\" href=\"https:\/\/drive.google.com\/file\/d\/0Bz9PGvLLzVUOTDJ3M21TeHBuVVE\/view?usp=sharing\" target=\"_blank\" rel=\"noopener\">&#8220;Actualizaci\u00f3n en el manejo, prevenci\u00f3n, diagn\u00f3stico y tratamiento de la osteonecrosis maxilar producida por medicaci\u00f3n. \u00bfQu\u00e9 sabemos actualmente?\u00a0<\/a>&#8220;,\u00a0<\/b><\/i>izena eman behar da plaza gordetzeko Elkargora deituz.<\/p>\n<div>\n<div><img decoding=\"async\" src=\"http:\/\/i.imgur.com\/JPlJ6Sg.jpg\" width=\"392\" \/><img decoding=\"async\" src=\"http:\/\/i.imgur.com\/gOkdrBP.jpg\" width=\"392\" \/><\/div>\n<\/div>\n<p><\/p>","protected":false},"excerpt":{"rendered":"<p>Hurrengo ekainak\u00a0<b>2<\/b>an<b>,\u00a0<\/b>Elkargoan arratsaldeko\u00a016:00tan, dohainiko SEPA saio kliniko hau eskeiniko da, \u00a0<i><b><a title=\"\" href=\"https:\/\/drive.google.com\/file\/d\/0Bz9PGvLLzVUOTDJ3M21TeHBuVVE\/view?usp=sharing\" target=\"_blank\" rel=\"noopener\">&#8220;Actualizaci\u00f3n en el manejo, prevenci\u00f3n, diagn\u00f3stico y tratamiento de la osteonecrosis maxilar producida por medicaci\u00f3n. \u00bfQu\u00e9 sabemos actualmente?\u00a0<\/a>&#8220;,\u00a0<\/b><\/i>izena eman behar da plaza gordetzeko Elkargora deituz.<\/p><\/p>\n","protected":false},"author":3,"featured_media":0,"comment_status":"open","ping_status":"closed","sticky":false,"template":"","format":"standard","meta":{"_acf_changed":false,"footnotes":""},"categories":[368],"tags":[87,369,326],"class_list":["post-1944","post","type-post","status-publish","format-standard","hentry","category-boletin-2017-05-19","tag-curso","tag-osteonecrosis","tag-sepa"],"acf":[],"_links":{"self":[{"href":"https:\/\/coeg-news.eu\/eu\/wp-json\/wp\/v2\/posts\/1944"}],"collection":[{"href":"https:\/\/coeg-news.eu\/eu\/wp-json\/wp\/v2\/posts"}],"about":[{"href":"https:\/\/coeg-news.eu\/eu\/wp-json\/wp\/v2\/types\/post"}],"author":[{"embeddable":true,"href":"https:\/\/coeg-news.eu\/eu\/wp-json\/wp\/v2\/users\/3"}],"replies":[{"embeddable":true,"href":"https:\/\/coeg-news.eu\/eu\/wp-json\/wp\/v2\/comments?post=1944"}],"version-history":[{"count":2,"href":"https:\/\/coeg-news.eu\/eu\/wp-json\/wp\/v2\/posts\/1944\/revisions"}],"predecessor-version":[{"id":1956,"href":"https:\/\/coeg-news.eu\/eu\/wp-json\/wp\/v2\/posts\/1944\/revisions\/1956"}],"wp:attachment":[{"href":"https:\/\/coeg-news.eu\/eu\/wp-json\/wp\/v2\/media?parent=1944"}],"wp:term":[{"taxonomy":"category","embeddable":true,"href":"https:\/\/coeg-news.eu\/eu\/wp-json\/wp\/v2\/categories?post=1944"},{"taxonomy":"post_tag","embeddable":true,"href":"https:\/\/coeg-news.eu\/eu\/wp-json\/wp\/v2\/tags?post=1944"}],"curies":[{"name":"wp","href":"https:\/\/api.w.org\/{rel}","templated":true}]}}