{"id":10527,"date":"2026-02-10T11:08:11","date_gmt":"2026-02-10T11:08:11","guid":{"rendered":"https:\/\/coeg-news.eu\/?p=10527"},"modified":"2026-02-12T09:55:12","modified_gmt":"2026-02-12T09:55:12","slug":"0-codigo-de-invitacion-a-expodental-2026","status":"publish","type":"post","link":"https:\/\/coeg-news.eu\/eu\/boletin-2026-02-12\/0-codigo-de-invitacion-a-expodental-2026\/","title":{"rendered":"Expodental 2026ra gonbidapen kodea"},"content":{"rendered":"<p>Jarraian, jasotako mezua bidaltzen dizuegu.<\/p>\n<p><em>&#8220;<\/em><\/p>\n<p><em>Desde la organizaci\u00f3n de <a href=\"https:\/\/www.ifema.es\/expodental\">Expodental<\/a> queremos agradeceros vuestra colaboraci\u00f3n y trasladaros nuestra voluntad de seguir reforzando la relaci\u00f3n con las instituciones profesionales del sector.<\/em><\/p>\n<p><em>En este contexto, y como muestra de esta colaboraci\u00f3n, os facilitamos el c\u00f3digo de invitaci\u00f3n CODOED26 para que pod\u00e1is distribuirlo entre vuestros asociados\/colegiados. La entrada a la feria tiene un precio en taquilla de 39 \u20ac, por lo que estos c\u00f3digos permiten ofrecer a vuestros miembros un beneficio directo en el acceso a Expodental.<\/em><\/p>\n<p><em>El n\u00famero de invitaciones asignado es amplio, pero limitado (150), por lo que os agradecer\u00edamos promover su uso con antelaci\u00f3n para asegurar que puedan aprovecharse.<\/em><\/p>\n<p><em>Esta edici\u00f3n de Expodental, tras alcanzar cifras r\u00e9cord de participaci\u00f3n, contar\u00e1 con m\u00e1s de 1.000 empresas distribuidas en m\u00e1s de 400 stands, donde se presentar\u00e1n las \u00faltimas novedades dirigidas a las cl\u00ednicas y profesionales del sector.<\/em><\/p>\n<p><em>Para nosotros, contar con vuestro apoyo es clave para acercar Expodental a los profesionales del sector y consolidar la feria como punto de encuentro de referencia.<\/em><\/p>\n<p><em>&#8220;<\/em><\/p>","protected":false},"excerpt":{"rendered":"<p>Jarraian, jasotako mezua bidaltzen dizuegu.<\/p>\n<p>&#8220;<\/p>\n<p>Desde la organizaci\u00f3n de <a href=\"https:\/\/www.ifema.es\/expodental\">Expodental<\/a> queremos agradeceros vuestra colaboraci\u00f3n y trasladaros nuestra voluntad de seguir reforzando la relaci\u00f3n con las instituciones profesionales del sector.<\/p>\n<p>En este contexto, y como muestra de esta colaboraci\u00f3n, [&#8230;]<\/p>\n","protected":false},"author":3,"featured_media":10530,"comment_status":"closed","ping_status":"closed","sticky":false,"template":"","format":"standard","meta":{"_acf_changed":false,"footnotes":""},"categories":[1731],"tags":[1730],"class_list":["post-10527","post","type-post","status-publish","format-standard","has-post-thumbnail","hentry","category-boletin-2026-02-12","tag-expodental"],"acf":[],"_links":{"self":[{"href":"https:\/\/coeg-news.eu\/eu\/wp-json\/wp\/v2\/posts\/10527"}],"collection":[{"href":"https:\/\/coeg-news.eu\/eu\/wp-json\/wp\/v2\/posts"}],"about":[{"href":"https:\/\/coeg-news.eu\/eu\/wp-json\/wp\/v2\/types\/post"}],"author":[{"embeddable":true,"href":"https:\/\/coeg-news.eu\/eu\/wp-json\/wp\/v2\/users\/3"}],"replies":[{"embeddable":true,"href":"https:\/\/coeg-news.eu\/eu\/wp-json\/wp\/v2\/comments?post=10527"}],"version-history":[{"count":3,"href":"https:\/\/coeg-news.eu\/eu\/wp-json\/wp\/v2\/posts\/10527\/revisions"}],"predecessor-version":[{"id":10542,"href":"https:\/\/coeg-news.eu\/eu\/wp-json\/wp\/v2\/posts\/10527\/revisions\/10542"}],"wp:featuredmedia":[{"embeddable":true,"href":"https:\/\/coeg-news.eu\/eu\/wp-json\/wp\/v2\/media\/10530"}],"wp:attachment":[{"href":"https:\/\/coeg-news.eu\/eu\/wp-json\/wp\/v2\/media?parent=10527"}],"wp:term":[{"taxonomy":"category","embeddable":true,"href":"https:\/\/coeg-news.eu\/eu\/wp-json\/wp\/v2\/categories?post=10527"},{"taxonomy":"post_tag","embeddable":true,"href":"https:\/\/coeg-news.eu\/eu\/wp-json\/wp\/v2\/tags?post=10527"}],"curies":[{"name":"wp","href":"https:\/\/api.w.org\/{rel}","templated":true}]}}