{"id":10482,"date":"2026-01-21T10:59:09","date_gmt":"2026-01-21T10:59:09","guid":{"rendered":"https:\/\/coeg-news.eu\/?p=10482"},"modified":"2026-01-30T08:49:04","modified_gmt":"2026-01-30T08:49:04","slug":"0-difusion-de-encuesta-para-tfg","status":"publish","type":"post","link":"https:\/\/coeg-news.eu\/eu\/boletin-2026-01-30\/0-difusion-de-encuesta-para-tfg\/","title":{"rendered":"Inkesta zabaltzea TFG baterako"},"content":{"rendered":"<p>Hona hemen jaso dugun laguntza-eskaera:<\/p>\n<p><em>Buenas tardes,<\/em><\/p>\n<p><em>Mi nombre es \u00c1ngela Garc\u00eda y estoy realizando un Trabajo de Fin de Grado en Odontolog\u00eda en la Universidad Europea de Madrid, centrado en analizar el conocimiento y las percepciones profesionales de los odont\u00f3logos y estomat\u00f3logos sobre el uso de c\u00e9lulas madre dentales en procedimientos de regeneraci\u00f3n tisular, con vistas a una posible futura implementaci\u00f3n cl\u00ednica.<\/em><\/p>\n<p><em>El estudio est\u00e1 dirigido a odont\u00f3logos en ejercicio en Espa\u00f1a y tiene como objetivo recoger una muestra amplia y geogr\u00e1ficamente diversa, que permita reflejar la realidad profesional en las distintas comunidades y provincias.<\/em><\/p>\n<p><em>La encuesta es an\u00f3nima, no recoge datos personales identificables y tiene una duraci\u00f3n aproximada de 5 minutos. El proyecto cuenta, adem\u00e1s, con la aprobaci\u00f3n del Comit\u00e9 de \u00c9tica correspondiente y cumple con la normativa vigente en materia de investigaci\u00f3n y protecci\u00f3n de datos.<\/em><\/p>\n<p><em>En este contexto, me gustar\u00eda solicitar la posibilidad de difundir el enlace de la encuesta entre los colegiados del Colegio Oficial de Odont\u00f3logos y Estomat\u00f3logos de Gipuzkoa, a trav\u00e9s de los canales que estimen oportunos, de modo que su \u00e1mbito territorial pueda estar adecuadamente representado en el estudio.<\/em><\/p>\n<p><em>Quedo a su disposici\u00f3n para ampliar cualquier informaci\u00f3n que consideren necesaria.<\/em><\/p>\n<p><em>Agradezco de antemano su tiempo y atenci\u00f3n.<\/em><\/p>\n<p><em>Enlace a la encuesta:<\/em><br \/>\n<a href=\"https:\/\/forms.cloud.microsoft\/e\/3cjECZpHnR\"><em>https:\/\/forms.cloud.microsoft\/e\/3cjECZpHnR<\/em><\/a><\/p>\n<p>&nbsp;<\/p>","protected":false},"excerpt":{"rendered":"<p>Hona hemen jaso dugun laguntza-eskaera:<\/p>\n<p>Buenas tardes,<\/p>\n<p>Mi nombre es \u00c1ngela Garc\u00eda y estoy realizando un Trabajo de Fin de Grado en Odontolog\u00eda en la Universidad Europea de Madrid, centrado en analizar el conocimiento y las percepciones profesionales de los [&#8230;]<\/p>\n","protected":false},"author":3,"featured_media":6643,"comment_status":"closed","ping_status":"closed","sticky":false,"template":"","format":"standard","meta":{"_acf_changed":false,"footnotes":""},"categories":[1727],"tags":[66],"class_list":["post-10482","post","type-post","status-publish","format-standard","has-post-thumbnail","hentry","category-boletin-2026-01-30","tag-encuesta"],"acf":[],"_links":{"self":[{"href":"https:\/\/coeg-news.eu\/eu\/wp-json\/wp\/v2\/posts\/10482"}],"collection":[{"href":"https:\/\/coeg-news.eu\/eu\/wp-json\/wp\/v2\/posts"}],"about":[{"href":"https:\/\/coeg-news.eu\/eu\/wp-json\/wp\/v2\/types\/post"}],"author":[{"embeddable":true,"href":"https:\/\/coeg-news.eu\/eu\/wp-json\/wp\/v2\/users\/3"}],"replies":[{"embeddable":true,"href":"https:\/\/coeg-news.eu\/eu\/wp-json\/wp\/v2\/comments?post=10482"}],"version-history":[{"count":3,"href":"https:\/\/coeg-news.eu\/eu\/wp-json\/wp\/v2\/posts\/10482\/revisions"}],"predecessor-version":[{"id":10509,"href":"https:\/\/coeg-news.eu\/eu\/wp-json\/wp\/v2\/posts\/10482\/revisions\/10509"}],"wp:featuredmedia":[{"embeddable":true,"href":"https:\/\/coeg-news.eu\/eu\/wp-json\/wp\/v2\/media\/6643"}],"wp:attachment":[{"href":"https:\/\/coeg-news.eu\/eu\/wp-json\/wp\/v2\/media?parent=10482"}],"wp:term":[{"taxonomy":"category","embeddable":true,"href":"https:\/\/coeg-news.eu\/eu\/wp-json\/wp\/v2\/categories?post=10482"},{"taxonomy":"post_tag","embeddable":true,"href":"https:\/\/coeg-news.eu\/eu\/wp-json\/wp\/v2\/tags?post=10482"}],"curies":[{"name":"wp","href":"https:\/\/api.w.org\/{rel}","templated":true}]}}