{"id":10247,"date":"2025-06-25T07:50:01","date_gmt":"2025-06-25T07:50:01","guid":{"rendered":"https:\/\/coeg-news.eu\/?p=10247"},"modified":"2025-07-10T19:09:36","modified_gmt":"2025-07-10T19:09:36","slug":"0-actualizacion-formacion-continuada-2025-10","status":"publish","type":"post","link":"https:\/\/coeg-news.eu\/eu\/boletin-2025-06-25\/0-actualizacion-formacion-continuada-2025-10\/","title":{"rendered":"Etengabeko prestakuntza &#8211; Eguneraketa 2025"},"content":{"rendered":"<p><strong>Gogorarazten dizuegu Elkargoko ikastaro guztiak prestakuntza-bonusa dutela. Ezinbesteko baldintza: asistentzia kontrolatzeko orrian sinatzea. Informazio gehiago <a href=\"http:\/\/coeg-news.eu\/eu\/boletin-2020-12-23\/bonus-de-formacion\/\">hemen<\/a><\/strong><\/p>\n<p>&nbsp;<\/p>\n<p>&nbsp;<\/p>\n<p><strong>2025eko ekainaren 16an &#8211; uztailaren 3an:<\/strong> erdi-presentziazko ikastaroa\u00a0 X-izpien instalazioen operadorea. Izen-emateak:: Alberto Velez (Mv 608895687 | avelez@stericycle.com)<\/p>\n<p>&nbsp;<\/p>\n<p><strong>2025eko irailaren 19an, 18:00etan : <\/strong><a href=\"https:\/\/coeg-news.eu\/eu\/boletin-2025-06-25\/0-programa-de-la-charla-informativa-sobre-el-padi-que-se-celebrara-en-el-colegio-el-proximo-viernes-19-de-septiembre\/\"><em>PADIri buruzko informazio-saioa<\/em>,<\/a> Osasun Saileko PADI zerbitzuaren eskutik. Izen ematea libre, Elkargoan tokia erreserbatu ondoren<\/p>\n<p>&nbsp;<\/p>\n<p><strong>2025eko urriaren 3an<\/strong><a href=\"https:\/\/coeg.eu\/pdf\/3_oct_2025.pdf\"><em>: Combinaci\u00f3n perio-prosto en dientes<\/em>.<\/a> Rodrigo Gonz\u00e1lez Terrats Doktorearekin.<\/p>\n<p>&nbsp;<\/p>\n<p><strong>2025eko urriaren 17an:<\/strong> <em><a href=\"https:\/\/www.coeg.eu\/pdf\/17_oct_2025.pdf\">Ortodoncia y Periodoncia en Sinergia: Manejo<\/a> del Paciente Periodontal y Modificaci\u00f3n del Fenotipo en Tratamientos Ortod\u00f3ncicos<\/em>. Javi Vilarrasa eta Jordi Vilarrasa Doktoreekin.<\/p>\n<p>&nbsp;<\/p>\n<p><strong>2025eko azaroaren 21-22an:<\/strong> <em><a href=\"https:\/\/coeg.eu\/pdf\/21-22_noviembre_2025.pdf\">Situaciones cl\u00ednicas comprometidas<\/a> en el sector anterior, \u00bfcu\u00e1l es el l\u00edmite de los implantes post-extracci\u00f3n?<\/em> . Jes\u00fas Moreno P\u00e9rez Doktorearekin.<\/p>\n<p>&nbsp;<\/p>\n<p><strong>2025eko abenduaren 12-13an<\/strong>: <a href=\"https:\/\/coeg.eu\/pdf\/12-13-dic.pdf\"><em>\u00a0Endodoncia Cl\u00ednica y Biocer\u00e1micos: Soluciones Pr\u00e1cticas de lo Simple a lo Complejo<\/em><\/a>. Ikastaro\u00a0 teoriko-praktikoa.<\/p>\n<p>&nbsp;<\/p>\n<p><strong>2026ko urtarrilaren 9an:<\/strong> Reanimaci\u00f3n cardio-pulmonar instrumentada y uso del desfibrilador externo semi autom\u00e1tico.<\/p>\n<p>&nbsp;<\/p>\n<p>HURRENGO IKASTAROAK ARABAKO DENTISTEN ELKARGOAN: Ikusi <a href=\"https:\/\/colegiodentistasalava.com\/cursos-en-alava\/proximos-cursos-alava\/\">hemen<\/a>.<\/p>\n<p>HURRENGO IKASTAROAK BIZKAIKO DENTISTEN ELKARGOAN: Ikusi <a href=\"https:\/\/codbi.eus\/cursos-y-formacion\/\">hemen<\/a><\/p>\n<p>DENTISTEN KONTSEILU NAGUSIAREN HURRENGO IKASTAROAK: Ikusi<\/p>\n<p><a href=\"https:\/\/ecolegio.es\/formacion\/\">hemen<\/a><\/p>\n<p>HURRENGO IKASTAROAK ASTURIASKO DENTISTEN ELKARGOAN: Ikusi <a href=\"https:\/\/www.codes.es\/programas\/\">hemen<\/a><\/p>","protected":false},"excerpt":{"rendered":"<p><strong>Gogorarazten dizuegu Elkargoko ikastaro guztiak prestakuntza-bonusa dutela. Ezinbesteko baldintza: asistentzia kontrolatzeko orrian sinatzea. Informazio gehiago <a href=\"http:\/\/coeg-news.eu\/eu\/boletin-2020-12-23\/bonus-de-formacion\/\">hemen<\/a><\/strong><\/p>\n<p>&nbsp;<\/p>\n<p>&nbsp;<\/p>\n<p><strong>2025eko ekainaren 16an &#8211; uztailaren 3an:<\/strong> erdi-presentziazko ikastaroa\u00a0 X-izpien instalazioen operadorea. Izen-emateak:: Alberto Velez (Mv 608895687 | avelez@stericycle.com)<\/p>\n<p>&nbsp;<\/p>\n<p><strong>2025eko irailaren [&#8230;]<\/p>\n","protected":false},"author":3,"featured_media":8013,"comment_status":"closed","ping_status":"closed","sticky":false,"template":"","format":"standard","meta":{"_acf_changed":false,"footnotes":""},"categories":[1702],"tags":[60,61],"class_list":["post-10247","post","type-post","status-publish","format-standard","has-post-thumbnail","hentry","category-boletin-2025-06-25","tag-formacion","tag-heziketa"],"acf":[],"_links":{"self":[{"href":"https:\/\/coeg-news.eu\/eu\/wp-json\/wp\/v2\/posts\/10247"}],"collection":[{"href":"https:\/\/coeg-news.eu\/eu\/wp-json\/wp\/v2\/posts"}],"about":[{"href":"https:\/\/coeg-news.eu\/eu\/wp-json\/wp\/v2\/types\/post"}],"author":[{"embeddable":true,"href":"https:\/\/coeg-news.eu\/eu\/wp-json\/wp\/v2\/users\/3"}],"replies":[{"embeddable":true,"href":"https:\/\/coeg-news.eu\/eu\/wp-json\/wp\/v2\/comments?post=10247"}],"version-history":[{"count":5,"href":"https:\/\/coeg-news.eu\/eu\/wp-json\/wp\/v2\/posts\/10247\/revisions"}],"predecessor-version":[{"id":10260,"href":"https:\/\/coeg-news.eu\/eu\/wp-json\/wp\/v2\/posts\/10247\/revisions\/10260"}],"wp:featuredmedia":[{"embeddable":true,"href":"https:\/\/coeg-news.eu\/eu\/wp-json\/wp\/v2\/media\/8013"}],"wp:attachment":[{"href":"https:\/\/coeg-news.eu\/eu\/wp-json\/wp\/v2\/media?parent=10247"}],"wp:term":[{"taxonomy":"category","embeddable":true,"href":"https:\/\/coeg-news.eu\/eu\/wp-json\/wp\/v2\/categories?post=10247"},{"taxonomy":"post_tag","embeddable":true,"href":"https:\/\/coeg-news.eu\/eu\/wp-json\/wp\/v2\/tags?post=10247"}],"curies":[{"name":"wp","href":"https:\/\/api.w.org\/{rel}","templated":true}]}}