{"id":10116,"date":"2025-02-28T09:12:50","date_gmt":"2025-02-28T09:12:50","guid":{"rendered":"https:\/\/coeg-news.eu\/?p=10116"},"modified":"2025-03-17T14:10:00","modified_gmt":"2025-03-17T14:10:00","slug":"0-actualizacion-formacion-continuada-2025-4","status":"publish","type":"post","link":"https:\/\/coeg-news.eu\/eu\/boletin-2025-02-28\/0-actualizacion-formacion-continuada-2025-4\/","title":{"rendered":"Etengabeko prestakuntza &#8211; Eguneraketa 2025"},"content":{"rendered":"<p><strong>Gogorarazten dizuegu Elkargoko ikastaro guztiak prestakuntza-bonusa dutela. Ezinbesteko baldintza: asistentzia kontrolatzeko orrian sinatzea. Informazio gehiago <a href=\"http:\/\/coeg-news.eu\/eu\/boletin-2020-12-23\/bonus-de-formacion\/\">hemen<\/a><\/strong><\/p>\n<p>&nbsp;<\/p>\n<p><strong>2025ko martxoaren 14-15ean:\u00a0<\/strong> <a href=\"http:\/\/www.coeg.eu\/pdf\/14-15_marzo_2025.pdf\">Laser en odontolog\u00eda<\/a>,\u00a0 Haitham Elafifi Doktorearekin.<\/p>\n<p>&nbsp;<\/p>\n<p><strong>2025ko martxoaren 28-29an:<\/strong> <a href=\"http:\/\/www.coeg.eu\/pdf\/28-29-marzo-2025.pdf\">Actualizaci\u00f3n en medicina oral para el odont\u00f3logo general y gerontolog\u00eda: la nueva odontolog\u00eda<\/a>. V\u00edctor Gil Manich Doktorearekin.<\/p>\n<p>&nbsp;<\/p>\n<p><strong>2025ko apirilaren 4-5ean<\/strong>:<a href=\"http:\/\/www.coeg.eu\/pdf\/diptico_4-5_abril.pdf\"> Innovaciones en el diagn\u00f3stico y tratamiento de los trastornos temporomandibulares: Enfoques basados en la evidencia<\/a> , Urbano Alejandro Santana Doktorearekin.<\/p>\n<p>&nbsp;<\/p>\n<p><strong>2025ko apirilaren 25-26an:<\/strong> <a href=\"http:\/\/www.coeg.eu\/pdf\/25-26_abril.pdf\">Rehabilitaci\u00f3n est\u00e9tica funcional<\/a> , Ernest Mallat Doktorearekin. <strong>Plaza libreak daude Aldapeta ikastetxeko auditoriumera eramatea erabaki ondoren.<\/strong><\/p>\n<p>&nbsp;<\/p>\n<p><strong>2025ko maiatzaren 30-31ean:<\/strong> <a href=\"http:\/\/www.coeg.eu\/pdf\/30-31_mayo_2025.pdf\">Retos en odontopediatr\u00eda y pacientes con diversidad funcional: hasta d\u00f3nde podemos llegar<\/a>. Cristina Fuertes Doktorearekin.<\/p>\n<p>&nbsp;<\/p>\n<p><strong>2025eko ekainaren 13an<\/strong>: <a href=\"https:\/\/courses.bti-biotechnologyinstitute.com\/jornadas-actualizacin-implantes-cortos-regeneracion-osea\">Jornada de actualizaci\u00f3n de implantes cortos y regeneraci\u00f3n \u00f3sea<\/a>, FDEk (Fundaci\u00f3n Dental Espa\u00f1ola) eta BTIk sinatutako lankidetza-hitzarmenaren ondorioz. Informazioa eta inskripzioak estekan.<\/p>\n<p>&nbsp;<\/p>\n<p><strong>2025eko ekainanen 9-27n:<\/strong> erdi-presentziazko ikastaroa.\u00a0 X-izpien instalazioen zuzendaria. Izen-emateak: Alberto Velez (Mv 608895687 | avelez@stericycle.com)<\/p>\n<p>&nbsp;<\/p>\n<p><strong>16 junio-3 julio del 2025:<\/strong> erdi-presentziazko ikastaroa\u00a0 X-izpien instalazioen operadorea. Izen-emateak:: Alberto Velez (Mv 608895687 | avelez@stericycle.com)<\/p>\n<p>&nbsp;<\/p>\n<p><strong>2025eko azaroaren 21-22an:<\/strong> <em><a href=\"https:\/\/coeg.eu\/pdf\/21-22_noviembre_2025.pdf\">Situaciones cl\u00ednicas comprometidas<\/a> en el sector anterior, \u00bfcu\u00e1l es el l\u00edmite de los implantes post-extracci\u00f3n?<\/em> . Jes\u00fas Moreno P\u00e9rez Doktorearekin.<\/p>\n<p>&nbsp;<\/p>\n<p><strong>2026ko urtarrilaren 9an:<\/strong> Reanimaci\u00f3n cardio-pulmonar instrumentada y uso del desfibrilador externo semi autom\u00e1tico.<\/p>\n<p>&nbsp;<\/p>\n<p>HURRENGO IKASTAROAK ARABAKO DENTISTEN ELKARGOAN: Ikusi <a href=\"https:\/\/colegiodentistasalava.com\/cursos-en-alava\/proximos-cursos-alava\/\">hemen<\/a>.<\/p>\n<p>HURRENGO IKASTAROAK BIZKAIKO DENTISTEN ELKARGOAN: Ikusi <a href=\"https:\/\/codbi.eus\/cursos-y-formacion\/\">hemen<\/a><\/p>\n<p>DENTISTEN KONTSEILU NAGUSIAREN HURRENGO IKASTAROAK: Ikusi<\/p>\n<p><a href=\"https:\/\/ecolegio.es\/formacion\/\">hemen<\/a><\/p>\n<p>HURRENGO IKASTAROAK ASTURIASKO DENTISTEN ELKARGOAN: Ikusi <a href=\"https:\/\/www.codes.es\/programas\/\">hemen<\/a><\/p>","protected":false},"excerpt":{"rendered":"<p><strong>Gogorarazten dizuegu Elkargoko ikastaro guztiak prestakuntza-bonusa dutela. Ezinbesteko baldintza: asistentzia kontrolatzeko orrian sinatzea. Informazio gehiago <a href=\"http:\/\/coeg-news.eu\/eu\/boletin-2020-12-23\/bonus-de-formacion\/\">hemen<\/a><\/strong><\/p>\n<p>&nbsp;<\/p>\n<p><strong>2025ko martxoaren 14-15ean:\u00a0<\/strong> <a href=\"http:\/\/www.coeg.eu\/pdf\/14-15_marzo_2025.pdf\">Laser en odontolog\u00eda<\/a>,\u00a0 Haitham Elafifi Doktorearekin.<\/p>\n<p>&nbsp;<\/p>\n<p><strong>2025ko martxoaren 28-29an:<\/strong> <a href=\"http:\/\/www.coeg.eu\/pdf\/28-29-marzo-2025.pdf\">Actualizaci\u00f3n en medicina oral para el odont\u00f3logo [&#8230;]<\/p>\n","protected":false},"author":3,"featured_media":8013,"comment_status":"closed","ping_status":"closed","sticky":false,"template":"","format":"standard","meta":{"_acf_changed":false,"footnotes":""},"categories":[1693],"tags":[60,61],"class_list":["post-10116","post","type-post","status-publish","format-standard","has-post-thumbnail","hentry","category-boletin-2025-02-28","tag-formacion","tag-heziketa"],"acf":[],"_links":{"self":[{"href":"https:\/\/coeg-news.eu\/eu\/wp-json\/wp\/v2\/posts\/10116"}],"collection":[{"href":"https:\/\/coeg-news.eu\/eu\/wp-json\/wp\/v2\/posts"}],"about":[{"href":"https:\/\/coeg-news.eu\/eu\/wp-json\/wp\/v2\/types\/post"}],"author":[{"embeddable":true,"href":"https:\/\/coeg-news.eu\/eu\/wp-json\/wp\/v2\/users\/3"}],"replies":[{"embeddable":true,"href":"https:\/\/coeg-news.eu\/eu\/wp-json\/wp\/v2\/comments?post=10116"}],"version-history":[{"count":3,"href":"https:\/\/coeg-news.eu\/eu\/wp-json\/wp\/v2\/posts\/10116\/revisions"}],"predecessor-version":[{"id":10124,"href":"https:\/\/coeg-news.eu\/eu\/wp-json\/wp\/v2\/posts\/10116\/revisions\/10124"}],"wp:featuredmedia":[{"embeddable":true,"href":"https:\/\/coeg-news.eu\/eu\/wp-json\/wp\/v2\/media\/8013"}],"wp:attachment":[{"href":"https:\/\/coeg-news.eu\/eu\/wp-json\/wp\/v2\/media?parent=10116"}],"wp:term":[{"taxonomy":"category","embeddable":true,"href":"https:\/\/coeg-news.eu\/eu\/wp-json\/wp\/v2\/categories?post=10116"},{"taxonomy":"post_tag","embeddable":true,"href":"https:\/\/coeg-news.eu\/eu\/wp-json\/wp\/v2\/tags?post=10116"}],"curies":[{"name":"wp","href":"https:\/\/api.w.org\/{rel}","templated":true}]}}